{"id":1209,"date":"2023-04-02T17:30:35","date_gmt":"2023-04-02T17:30:35","guid":{"rendered":"http:\/\/www.monikaskrodzka.pl\/?p=1209"},"modified":"2023-04-02T17:30:35","modified_gmt":"2023-04-02T17:30:35","slug":"panie-przodem-o-co-walcza-kobiety-i-mezczyzni-we-wspolczesnej-polsce-recenzja","status":"publish","type":"post","link":"https:\/\/www.monikaskrodzka.pl\/index.php\/2023\/04\/02\/panie-przodem-o-co-walcza-kobiety-i-mezczyzni-we-wspolczesnej-polsce-recenzja\/","title":{"rendered":"\u201ePanie Przodem. O co walcz\u0105 kobiety i m\u0119\u017cczy\u017ani we wsp\u00f3\u0142czesnej Polsce\u201d &#8211; recenzja"},"content":{"rendered":"\n<p>Je\u015bli my\u015blisz, \u017ce to kolejna pseudofeministyczna ksi\u0105\u017cka o wy\u017cszo\u015bci kobiet nad m\u0119\u017cczyznami to si\u0119 mylisz.<\/p>\n\n\n\n<p>S\u0142owem przypomnia\u0142 mi si\u0119 \u017cart, kt\u00f3ry kiedy\u015b us\u0142ysza\u0142am, \u017ce m\u0119\u017cczy\u017ani po to przepuszczaj\u0105 kobiety przodem, \u017ce je\u015bli czeka tam niebezpiecze\u0144stwo to one zostan\u0105 \u201epo\u017carte\u201d\ud83d\ude0a<\/p>\n\n\n\n<p>\u201eTa ksi\u0105\u017cka \u201eto 10 rozm\u00f3w o sp\u00f3\u017anionej spo\u0142ecznej rewolucji \u2013 bo skoro 43% os\u00f3b na stanowiskach menad\u017cerskich w Polsce to kobiety (drugi najlepszy wynik w Europie), to dlaczego jeszcze niedawno mieli\u015bmy w polskim rz\u0105dzie&nbsp;<strong>wi\u0119cej ministr\u00f3w o imieniu Mariusz ni\u017c kobiet?\u201d<\/strong><\/p>\n\n\n\n<p>Przyznaj\u0119, \u017ce na recenzowanie tej ksi\u0105\u017cki zdecydowa\u0142am si\u0119 g\u0142\u00f3wnie z tego wzgl\u0119du, \u017ce jedn\u0105 z uczestniczek pisanych wywiad\u00f3w jest profesor Ewa Woydy\u0142\u0142o \u2013 Osiaty\u0144ska, kt\u00f3r\u0105 osobi\u015bcie wr\u0119cz uwielbiam i zawsze po ludzku jestem ciekawa jej pogl\u0105d\u00f3w na r\u00f3\u017cne tematy.<\/p>\n\n\n\n<p>Ksi\u0105\u017cka jednak zdecydowanie okaza\u0142a si\u0119 nie tylko dobr\u0105, ale przyjemn\u0105 lektur\u0105, \u015bwietnie wydan\u0105, przemy\u015blan\u0105 i sensownie zrealizowan\u0105.<\/p>\n\n\n\n<!--more-->\n\n\n\n<p>Zaczn\u0119 wi\u0119c swoj\u0105 recenzj\u0119 od cytatu, kt\u00f3ry jak zawsze jest w punkt:<\/p>\n\n\n\n<p><em>\u201eFeminizm to ruch na rzecz r\u00f3wnych szans, mo\u017cliwo\u015bci, na rzecz wolno\u015bci obu p\u0142ci. A wolno\u015b\u0107 jest motorem rozwoju spo\u0142ecze\u0144stwa.\u201d<\/em><\/p>\n\n\n\n<p>Znajdziesz tu wywiady nie tylko z moj\u0105 ulubion\u0105 Pani\u0105 profesor, ale tak\u017ce z innymi specjalistami w swojej dziedzinie m.in. teologiem, j\u0119zykoznawc\u0105, psychologami, politologami, terapeutami. Po kolei:<\/p>\n\n\n\n<p>&#8211;&nbsp;<strong>Anna Kowalczyk<\/strong>&nbsp;\u2013 dziennikarka, pisarka, aktywistka<\/p>\n\n\n\n<p>&#8211;&nbsp;<strong>Ma\u0142gorzata Karwatowska<\/strong>&nbsp;\u2013 prof. dr hab. j\u0119zykoznawczyni, dyrektorka Instytutu Filologii Polskiej im. Marii Curie Sk\u0142odowskiej w Lublinie<\/p>\n\n\n\n<p>&#8211;&nbsp;<strong>Bogdan de Barbaro<\/strong>&nbsp;\u2013 prof. dr hab. Psychiatra, psychoterapeuta,<\/p>\n\n\n\n<p>&#8211;&nbsp;<strong>Magdalena Musia\u0142<\/strong>&nbsp;<strong>\u2013 Karg<\/strong>&nbsp;&#8211; prof. dr hab. Politolo\u017cka, prodziekanka Wydzia\u0142u Nauk Politycznych i Dziennikarstwa Uniwersytetu Adama Mickiewicza w Poznaniu<\/p>\n\n\n\n<p>&#8211;&nbsp;<strong>Micha\u0142 Gulczy\u0144ski<\/strong>&nbsp;\u2013 doktorant w dziedzinie polityki publicznej i administracji na Uniwersytecie Bocconieo w Mediolanie<\/p>\n\n\n\n<p>&#8211;&nbsp;<strong>Ewa Woydy\u0142\u0142o-Osiaty\u0144ska<\/strong>&#8211; dr psychologii, terapeutka uzale\u017cnie\u0144, publicystka<\/p>\n\n\n\n<p>&#8211;&nbsp;<strong>Luis Alarcon Arias<\/strong>&nbsp;\u2013 psycholog kliniczny, psychoterapeuta, wsp\u00f3\u0142pza\u0142o\u017cyciel i prezes Stowarzyszenia Przeciwdzia\u0142ania Przemocy w Rodzinie \u201eNiebieska Linia\u201d<\/p>\n\n\n\n<p>&#8211;&nbsp;<strong>Andrzej Depko<\/strong>&nbsp;\u2013 dr n.med. neurolog oraz seksuolog, prezes Polskiego Towarzystwa Medycyny Seksualnej oraz \u015awiatowego Towarzystwa Medycyny Seksualnej.<\/p>\n\n\n\n<p>&#8211;&nbsp;<strong>Zuzanna Radzik<\/strong>&nbsp;\u2013 teolo\u017cka, publicystka, katolicka feminiska<\/p>\n\n\n\n<p>&#8211;&nbsp;<strong>Jacek Mas\u0142owski<\/strong>&nbsp;\u2013 filozof, psychoterapeuta, trener, publicysta<\/p>\n\n\n\n<p>Dzi\u0119ki temu zyskasz szerokie spojrzenie z r\u00f3\u017cnych stron \u2013 zar\u00f3wno od cenionych naukowo kobiet jak i m\u0119\u017cczyzn. Tak \u2013 to bardzo wa\u017cne, bo przecie\u017c feminizm dotyczy mocno tak\u017ce m\u0119\u017cczyzn. Cieszy mnie wi\u0119c takie r\u00f3\u017cnorodne spojrzenie, a nie co nieraz widoczne, p\u00f3j\u015bcie w teori\u0119 ciemi\u0119\u017cenia, jak to nam jest \u017ale i Wasz czas si\u0119 sko\u0144czy\u0142 a nas nasta\u0142. Nie lubi\u0119 takiego podzia\u0142u i osobi\u015bcie mnie mierzi \u2013 bo przecie\u017c je\u015bli chcemy si\u0119 porozumie\u0107 powinni\u015bmy budowa\u0107 \u0142\u0105cz\u0105c, a nie dziel\u0105c. R\u00f3wnie cz\u0119sto na moich warsztatach i konsultacjach spotykam kobiety, kt\u00f3re chc\u0105 si\u0119 rozwija\u0107 zawodowo i godz\u0105c to odpowiednio z \u017cyciem i relacjami rodzinnymi; co m\u0119\u017cczyzn \u2013 nieco zagubionych w aktualnym \u015bwiecie, kt\u00f3rych rola nie tylko si\u0119 zmienia, ale czasem zostaje bezsensownie spychana i deprecjonowana w imi\u0119 politycznej, czy korporacyjnej poprawno\u015bci. Jedni i drudzy przyp\u0142acaj\u0105 to cz\u0119sto w\u0142asnym zdrowiem i pr\u00f3bami utrzymania si\u0119 na powierzchni, cho\u0107 z boku jawi\u0105 si\u0119 jako osoby odnosz\u0105ce sukces.<\/p>\n\n\n\n<p><strong>Kwestie kobiet s\u0105 i powinny by\u0107 bli\u017csze m\u0119\u017cczyznom: jako mened\u017cerom, ale tak\u017ce jako ojcom, m\u0119\u017com i synom<\/strong>&nbsp;\u2013 w jakim kraju i warunkach b\u0119d\u0105 \u017cyli sami i bliskie im osoby, bo dot\u0105d to kobiety niestety s\u0105 bardziej zagro\u017cone bied\u0105. Dodatkowo jak to kiedy\u015b powiedzia\u0142a chrzestna mojego m\u0119\u017ca \u201ehappy wife happy life\u201d \u2013 co chyba wi\u0119kszo\u015b\u0107 m\u0119\u017cczyzn b\u0119d\u0105cych w dobrych relacjach potwierdzi. To wi\u0119c, aby kobiety by\u0142y traktowane na r\u00f3wni spo\u0142ecznie i zawodowo jest wi\u0119c w interesie obydwu stron. Tak\u017ce w kontek\u015bcie starzej\u0105cego si\u0119 spo\u0142ecze\u0144stwa i spadku liczby urodze\u0144 &#8211; przecie\u017c ka\u017cdy \u017ceby by\u0142 du\u017cy by\u0142 kiedy\u015b ma\u0142y, wi\u0119c kwestie spo\u0142eczne dotycz\u0105 ka\u017cdego. Wiedz\u0105c, \u017ce do czasu urodzenia pierwszego dziecka kobiety z m\u0119\u017cczyznami zawodowo id\u0105 na r\u00f3wni. Potem ich pozycja zawodowa zdecydowanie spada \u2013 lub jest mocno utrudniona. Warto mie\u0107 \u015bwiadomo\u015b\u0107 zmian i ich kreacji w odpowiedni spos\u00f3b, by nie budzi\u0107 odruch\u00f3w antagonistycznych.<\/p>\n\n\n\n<p><strong>Mocn\u0105 stron\u0105 tej ksi\u0105\u017cki, jest jej aktualno\u015b\u0107 i terytorializm \u2013 dotyczy konkretnie Polski \u2013 teraz. Ksi\u0105\u017cka b\u0119dzie mia\u0142a swoj\u0105 premier\u0119 12 kwietnia.<\/strong><\/p>\n\n\n\n<p><strong>Znajdziesz w niej informacje na temat:<\/strong><\/p>\n\n\n\n<p>&#8211;&nbsp;<strong>Aktualnego &nbsp;i historycznego statusu<\/strong>. Jak to wygl\u0105da\u0142o, czym by\u0142o spowodowane \u2013 z r\u00f3\u017cnych perspektyw \u2013 co moim zdaniem bardzo istotne\ud83d\ude0a<\/p>\n\n\n\n<p>&#8211;&nbsp;<strong>Spostrze\u017ce\u0144 psychiatr\u00f3w i psycholog\u00f3w jak zmiany spo\u0142eczne wp\u0142ywaj\u0105 na nas dzisiaj.<\/strong><\/p>\n\n\n\n<p>&#8211;&nbsp;<strong>Zmieniaj\u0105cych si\u0119 r\u00f3l i \u015bwiadomo\u015bci<\/strong>. Tu tak\u017ce tej seksualnej. Ciekawe jest spostrze\u017cenie prof. Bogdana de Barbaro, \u017ce \u201erole partner\u00f3w zosta\u0142y wyparte przez zadania i emocje rodzicielskie\u201d<\/p>\n\n\n\n<p>&#8211;&nbsp;<strong>Polityce i wp\u0142ywie 500 plus<\/strong>. Chocia\u017c tu z cz\u0119\u015bci\u0105 pogl\u0105d\u00f3w bym osobi\u015bcie polemizowa\u0142a. My\u015bl\u0119, \u017ce w wi\u0119kszo\u015bci tych \u015bwiadomych kobiet tu nie chodzi o kwesti\u0119 dofinansowa\u0144, ale s\u0142abych mo\u017cliwo\u015bci plac\u00f3wek, problem\u00f3w z choruj\u0105cymi dzie\u0107mi, mniejszymi wi\u0119ziami spo\u0142ecznymi i mn\u00f3stwa innych rzeczy tak\u017ce zawodowych<\/p>\n\n\n\n<p>&#8211;&nbsp;<strong>Feminatywach<\/strong>. Jak spos\u00f3b w jaki m\u00f3wimy wp\u0142ywa na nasze rozumienie. Sama rzadko u\u017cywam feminatyw\u00f3w, ale osobi\u015bcie nie uto\u017csamiam zawod\u00f3w czy stanowisk z p\u0142ci\u0105. Tu cytat Ludwiga Wittgensteina \u201egranice mojego j\u0119zyka oznaczaj\u0105 granice mojego \u015bwiata\u201d<\/p>\n\n\n\n<p>&#8211;&nbsp;<strong>Wspieraniu si\u0119 b\u0105d\u017a walce p\u0142ci i pog\u0142\u0119bianiu stereotyp\u00f3w<\/strong><\/p>\n\n\n\n<p>&#8211;&nbsp;<strong>Roli wieku w postrzegani lub deprecjonowaniu p\u0142ci<\/strong><\/p>\n\n\n\n<p>&#8211; Podniesione s\u0105 te\u017c&nbsp;<strong>tematy trudne<\/strong>: aborcji, gwa\u0142t\u00f3w i dyskryminacji tak\u017ce tej p\u0142acowej (czy chocia\u017cby medycznej, gdzie badania i dawki lek\u00f3w s\u0105 ustalane zwykle dla m\u0119\u017cczyzn, podobnie komfortowa temperatura w pomieszczeniu)<\/p>\n\n\n\n<p>&#8211; Jak<strong>&nbsp;pandemia<\/strong>&nbsp;wp\u0142yn\u0119\u0142a na aktualne zmiany?<\/p>\n\n\n\n<p>&#8211;&nbsp;<strong>Emocjach<\/strong>&nbsp;i ich okazywaniu w kontek\u015bcie p\u0142ci oraz skuteczno\u015bci strajk\u00f3w<\/p>\n\n\n\n<p>&#8211;&nbsp;<strong>O zwi\u0105zkach mi\u0119dzyludzkich i relacjach<\/strong><\/p>\n\n\n\n<p>&#8211;&nbsp;<strong>O rewolucjach p\u0142ci<\/strong><\/p>\n\n\n\n<p>Ksi\u0105\u017cka jest wi\u0119c szerokokontekstowa i zdecydowanie warta przeczytania. Chyl\u0119 wi\u0119c czo\u0142a&nbsp;<strong>Marii Mazurek<\/strong>&nbsp;i&nbsp;<strong>Wojciechowi Harpuli<\/strong>.<\/p>\n\n\n\n<p>Polecam wi\u0119c z czystym sumieniem, bo sama czyta\u0142am j\u0105 z przyjemno\u015bci\u0105! Ze wzgl\u0119du na \u0142adn\u0105 form\u0119 wydania, to b\u0119dzie dobry wyb\u00f3r tak\u017ce na prezent.<\/p>\n\n\n\n<p><strong>PS<\/strong>. W ten weekend dosta\u0142e\u015b\/a\u015b&nbsp;2 dodatkowe&nbsp;wydania mojego biuletynu&nbsp;<a href=\"https:\/\/www.linkedin.com\/feed\/hashtag\/akcjarelacja\">#AkcjaRelacja<\/a>&nbsp;(standardowo publikuj\u0119 artyku\u0142y raz w tygodniu), bo moim zdaniem dobre ksi\u0105\u017cki nie mog\u0105 czeka\u0107:) Tym bardziej, \u017ce mo\u017cesz je zdoby\u0107 w moich wyzwaniach i wtedy otrzymasz \u015bwie\u017co wydane prosto z wydawnictwa.<\/p>\n\n\n\n<p>Je\u015bli interesuje Ci\u0119 tematyka moich artyku\u0142\u00f3w &#8211; w wi\u0119kszo\u015bci dotycz\u0105cych biznesu, rzadziej recenzji &#8211; kliknij subskrybuj\u00a0<a href=\"https:\/\/www.linkedin.com\/build-relation\/newsletter-follow?entityUrn=6902888560043905024\">TUTAJ<\/a>\u00a0by by\u0107 na bie\u017c\u0105co:)<\/p>\n\n\n\n<figure class=\"wp-block-gallery has-nested-images columns-default is-cropped wp-block-gallery-1 is-layout-flex wp-block-gallery-is-layout-flex\">\n<figure class=\"wp-block-image size-large\"><img loading=\"lazy\" decoding=\"async\" width=\"1024\" height=\"26\" data-id=\"1210\" src=\"https:\/\/www.monikaskrodzka.pl\/wp-content\/uploads\/2023\/04\/czerwona-kreska-Poprzeczka-2-1024x26.jpg\" alt=\"\" class=\"wp-image-1210\" srcset=\"https:\/\/www.monikaskrodzka.pl\/wp-content\/uploads\/2023\/04\/czerwona-kreska-Poprzeczka-2-1024x26.jpg 1024w, https:\/\/www.monikaskrodzka.pl\/wp-content\/uploads\/2023\/04\/czerwona-kreska-Poprzeczka-2-300x8.jpg 300w, https:\/\/www.monikaskrodzka.pl\/wp-content\/uploads\/2023\/04\/czerwona-kreska-Poprzeczka-2-768x19.jpg 768w, https:\/\/www.monikaskrodzka.pl\/wp-content\/uploads\/2023\/04\/czerwona-kreska-Poprzeczka-2.jpg 1117w\" sizes=\"auto, (max-width: 1024px) 100vw, 1024px\" \/><\/figure>\n<\/figure>\n\n\n\n<p>Jak zwykle we wsp\u00f3\u0142pracy z&nbsp;<a href=\"https:\/\/www.linkedin.com\/company\/wydawnictwoznak\/\">Wydawnictwo Znak<\/a>&nbsp;od poniedzia\u0142ku (czyli od jutra) na moim zawodowym profilu na LinkedIn rusza zabawa, w kt\u00f3rej&nbsp;do zdobycia b\u0119d\u0105 a\u017c 3 papierowe egzemplarze tej \u015bwie\u017co wydanej ksi\u0105\u017cki.&nbsp;We\u017a wi\u0119c udzia\u0142 w&nbsp;wyzwaniu&nbsp;i niech ta ksi\u0105\u017cka trafi w Twoje r\u0119ce (lub mo\u017cesz j\u0105 podarowa\u0107 komu\u015b na prezent)\ud83d\ude0a.<\/p>\n\n\n\n<p>Obserwuj m\u00f3j zawodowy profil&nbsp;<a href=\"https:\/\/www.linkedin.com\/company\/monikaskrodzka\/\">Monika Skrodzka<\/a>&nbsp;na LinkedIn aby by\u0107 na bie\u017c\u0105co. Tam te\u017c b\u0119dzie ta tygodniowa zabawa z nagrodami.<\/p>\n\n\n\n<p>PS. W jednym czasie b\u0119d\u0105 a\u017c 2 wyzwania, dw\u00f3ch nowowydanych ksi\u0105\u017cek \u2013 je\u015bli wi\u0119c interesuje Ci\u0119 ta tematyka we\u017a udzia\u0142 w zabawach\ud83d\ude0a.<\/p>\n\n\n\n<figure class=\"wp-block-gallery has-nested-images columns-default is-cropped wp-block-gallery-2 is-layout-flex wp-block-gallery-is-layout-flex\">\n<figure class=\"wp-block-image size-large\"><img loading=\"lazy\" decoding=\"async\" width=\"623\" height=\"830\" data-id=\"1211\" src=\"https:\/\/www.monikaskrodzka.pl\/wp-content\/uploads\/2023\/04\/Panie-PRzodem.jpg\" alt=\"\" class=\"wp-image-1211\" srcset=\"https:\/\/www.monikaskrodzka.pl\/wp-content\/uploads\/2023\/04\/Panie-PRzodem.jpg 623w, https:\/\/www.monikaskrodzka.pl\/wp-content\/uploads\/2023\/04\/Panie-PRzodem-225x300.jpg 225w\" sizes=\"auto, (max-width: 623px) 100vw, 623px\" \/><\/figure>\n<\/figure>\n\n\n\n<figure class=\"wp-block-gallery has-nested-images columns-default is-cropped wp-block-gallery-3 is-layout-flex wp-block-gallery-is-layout-flex\">\n<figure class=\"wp-block-image size-large\"><img loading=\"lazy\" decoding=\"async\" width=\"1024\" height=\"26\" data-id=\"1212\" src=\"https:\/\/www.monikaskrodzka.pl\/wp-content\/uploads\/2023\/04\/czerwona-kreska-Poprzeczka-3-1024x26.jpg\" alt=\"\" class=\"wp-image-1212\" srcset=\"https:\/\/www.monikaskrodzka.pl\/wp-content\/uploads\/2023\/04\/czerwona-kreska-Poprzeczka-3-1024x26.jpg 1024w, https:\/\/www.monikaskrodzka.pl\/wp-content\/uploads\/2023\/04\/czerwona-kreska-Poprzeczka-3-300x8.jpg 300w, https:\/\/www.monikaskrodzka.pl\/wp-content\/uploads\/2023\/04\/czerwona-kreska-Poprzeczka-3-768x19.jpg 768w, https:\/\/www.monikaskrodzka.pl\/wp-content\/uploads\/2023\/04\/czerwona-kreska-Poprzeczka-3.jpg 1117w\" sizes=\"auto, (max-width: 1024px) 100vw, 1024px\" \/><\/figure>\n<\/figure>\n\n\n\n<p>O kobiecie w m\u0119skim \u015bwiecie publikowa\u0142am niedawno m\u00f3j wywiad z&nbsp;<a href=\"https:\/\/www.linkedin.com\/in\/iwona-guzowska-ba505a147?miniProfileUrn=urn%3Ali%3Afs_miniProfile%3AACoAACNszy0BUelBLaTGzOIAjBIsVZCf7bSl7F0\">Iwona Guzowska<\/a>&nbsp;w ramach mojego autorskiego cyklu&nbsp;<a href=\"https:\/\/www.linkedin.com\/feed\/hashtag\/monikapoleca\">#Monikapoleca<\/a>.<\/p>\n\n\n\n<p>Zapraszam do obejrzenia:\u00a0<a href=\"https:\/\/youtu.be\/shWu1lUNLBk\">TUTAJ.<\/a><\/p>\n\n\n\n<figure class=\"wp-block-gallery has-nested-images columns-default is-cropped wp-block-gallery-4 is-layout-flex wp-block-gallery-is-layout-flex\">\n<figure class=\"wp-block-image size-large\"><img loading=\"lazy\" decoding=\"async\" width=\"1024\" height=\"576\" data-id=\"1213\" src=\"https:\/\/www.monikaskrodzka.pl\/wp-content\/uploads\/2023\/04\/IwonaGuzowskaMonikaSkrodzka-zdjecie-1024x576.png\" alt=\"\" class=\"wp-image-1213\" srcset=\"https:\/\/www.monikaskrodzka.pl\/wp-content\/uploads\/2023\/04\/IwonaGuzowskaMonikaSkrodzka-zdjecie-1024x576.png 1024w, https:\/\/www.monikaskrodzka.pl\/wp-content\/uploads\/2023\/04\/IwonaGuzowskaMonikaSkrodzka-zdjecie-300x169.png 300w, https:\/\/www.monikaskrodzka.pl\/wp-content\/uploads\/2023\/04\/IwonaGuzowskaMonikaSkrodzka-zdjecie-768x432.png 768w, https:\/\/www.monikaskrodzka.pl\/wp-content\/uploads\/2023\/04\/IwonaGuzowskaMonikaSkrodzka-zdjecie.png 1280w\" sizes=\"auto, (max-width: 1024px) 100vw, 1024px\" \/><\/figure>\n<\/figure>\n","protected":false},"excerpt":{"rendered":"<p>Je\u015bli my\u015blisz, \u017ce to kolejna pseudofeministyczna ksi\u0105\u017cka o wy\u017cszo\u015bci kobiet nad m\u0119\u017cczyznami to si\u0119 mylisz. S\u0142owem przypomnia\u0142 mi si\u0119 \u017cart, kt\u00f3ry kiedy\u015b us\u0142ysza\u0142am, \u017ce m\u0119\u017cczy\u017ani<\/p>\n","protected":false},"author":1,"featured_media":1214,"comment_status":"open","ping_status":"open","sticky":false,"template":"","format":"standard","meta":{"footnotes":""},"categories":[3],"tags":[34,9,6,12,211,54,48,7,212,213,214,157,5,35],"class_list":["post-1209","post","type-post","status-publish","format-standard","has-post-thumbnail","hentry","category-blog","tag-akcjarelacja-2","tag-biznes","tag-efektywnosc","tag-emocje","tag-feminizm","tag-inteligencjaemocjonalna","tag-kobieta","tag-menedzer","tag-mezczyzna","tag-panieprzodem","tag-stereotypy","tag-wydawnictwoznak","tag-zarzadzanie","tag-zdrowarelacja-2"],"yoast_head":"<!-- This site is optimized with the Yoast SEO plugin v27.3 - https:\/\/yoast.com\/product\/yoast-seo-wordpress\/ -->\n<title>\u201ePanie Przodem. O co walcz\u0105 kobiety i m\u0119\u017cczy\u017ani we wsp\u00f3\u0142czesnej Polsce\u201d - recenzja - Monika SKRODZKA<\/title>\n<meta name=\"robots\" content=\"index, follow, max-snippet:-1, max-image-preview:large, max-video-preview:-1\" \/>\n<link rel=\"canonical\" href=\"https:\/\/www.monikaskrodzka.pl\/index.php\/2023\/04\/02\/panie-przodem-o-co-walcza-kobiety-i-mezczyzni-we-wspolczesnej-polsce-recenzja\/\" \/>\n<meta property=\"og:locale\" content=\"pl_PL\" \/>\n<meta property=\"og:type\" content=\"article\" \/>\n<meta property=\"og:title\" content=\"\u201ePanie Przodem. O co walcz\u0105 kobiety i m\u0119\u017cczy\u017ani we wsp\u00f3\u0142czesnej Polsce\u201d - recenzja - Monika SKRODZKA\" \/>\n<meta property=\"og:description\" content=\"Je\u015bli my\u015blisz, \u017ce to kolejna pseudofeministyczna ksi\u0105\u017cka o wy\u017cszo\u015bci kobiet nad m\u0119\u017cczyznami to si\u0119 mylisz. S\u0142owem przypomnia\u0142 mi si\u0119 \u017cart, kt\u00f3ry kiedy\u015b us\u0142ysza\u0142am, \u017ce m\u0119\u017cczy\u017ani\" \/>\n<meta property=\"og:url\" content=\"https:\/\/www.monikaskrodzka.pl\/index.php\/2023\/04\/02\/panie-przodem-o-co-walcza-kobiety-i-mezczyzni-we-wspolczesnej-polsce-recenzja\/\" \/>\n<meta property=\"og:site_name\" content=\"Monika SKRODZKA\" \/>\n<meta property=\"article:published_time\" content=\"2023-04-02T17:30:35+00:00\" \/>\n<meta property=\"og:image\" content=\"https:\/\/www.monikaskrodzka.pl\/wp-content\/uploads\/2023\/04\/PaniePRzodem.png\" \/>\n\t<meta property=\"og:image:width\" content=\"953\" \/>\n\t<meta property=\"og:image:height\" content=\"554\" \/>\n\t<meta property=\"og:image:type\" content=\"image\/png\" \/>\n<meta name=\"author\" content=\"Monika\" \/>\n<meta name=\"twitter:card\" content=\"summary_large_image\" \/>\n<meta name=\"twitter:label1\" content=\"Napisane przez\" \/>\n\t<meta name=\"twitter:data1\" content=\"Monika\" \/>\n\t<meta name=\"twitter:label2\" content=\"Szacowany czas czytania\" \/>\n\t<meta name=\"twitter:data2\" content=\"7 minut\" \/>\n<script type=\"application\/ld+json\" class=\"yoast-schema-graph\">{\"@context\":\"https:\\\/\\\/schema.org\",\"@graph\":[{\"@type\":\"Article\",\"@id\":\"https:\\\/\\\/www.monikaskrodzka.pl\\\/index.php\\\/2023\\\/04\\\/02\\\/panie-przodem-o-co-walcza-kobiety-i-mezczyzni-we-wspolczesnej-polsce-recenzja\\\/#article\",\"isPartOf\":{\"@id\":\"https:\\\/\\\/www.monikaskrodzka.pl\\\/index.php\\\/2023\\\/04\\\/02\\\/panie-przodem-o-co-walcza-kobiety-i-mezczyzni-we-wspolczesnej-polsce-recenzja\\\/\"},\"author\":{\"name\":\"Monika\",\"@id\":\"https:\\\/\\\/www.monikaskrodzka.pl\\\/#\\\/schema\\\/person\\\/8b74544471de6f51ad24c0b19441ff4a\"},\"headline\":\"\u201ePanie Przodem. O co walcz\u0105 kobiety i m\u0119\u017cczy\u017ani we wsp\u00f3\u0142czesnej Polsce\u201d &#8211; recenzja\",\"datePublished\":\"2023-04-02T17:30:35+00:00\",\"mainEntityOfPage\":{\"@id\":\"https:\\\/\\\/www.monikaskrodzka.pl\\\/index.php\\\/2023\\\/04\\\/02\\\/panie-przodem-o-co-walcza-kobiety-i-mezczyzni-we-wspolczesnej-polsce-recenzja\\\/\"},\"wordCount\":1373,\"commentCount\":0,\"image\":{\"@id\":\"https:\\\/\\\/www.monikaskrodzka.pl\\\/index.php\\\/2023\\\/04\\\/02\\\/panie-przodem-o-co-walcza-kobiety-i-mezczyzni-we-wspolczesnej-polsce-recenzja\\\/#primaryimage\"},\"thumbnailUrl\":\"https:\\\/\\\/www.monikaskrodzka.pl\\\/wp-content\\\/uploads\\\/2023\\\/04\\\/PaniePRzodem.png\",\"keywords\":[\"akcjarelacja\",\"Biznes\",\"Efektywno\u015b\u0107\",\"Emocje\",\"feminizm\",\"InteligencjaEmocjonalna\",\"Kobieta\",\"Mened\u017cer\",\"m\u0119\u017cczyzna\",\"PaniePrzodem\",\"stereotypy\",\"WydawnictwoZnak\",\"Zarz\u0105dzanie\",\"zdrowarelacja\"],\"articleSection\":[\"Blog\"],\"inLanguage\":\"pl-PL\",\"potentialAction\":[{\"@type\":\"CommentAction\",\"name\":\"Comment\",\"target\":[\"https:\\\/\\\/www.monikaskrodzka.pl\\\/index.php\\\/2023\\\/04\\\/02\\\/panie-przodem-o-co-walcza-kobiety-i-mezczyzni-we-wspolczesnej-polsce-recenzja\\\/#respond\"]}]},{\"@type\":\"WebPage\",\"@id\":\"https:\\\/\\\/www.monikaskrodzka.pl\\\/index.php\\\/2023\\\/04\\\/02\\\/panie-przodem-o-co-walcza-kobiety-i-mezczyzni-we-wspolczesnej-polsce-recenzja\\\/\",\"url\":\"https:\\\/\\\/www.monikaskrodzka.pl\\\/index.php\\\/2023\\\/04\\\/02\\\/panie-przodem-o-co-walcza-kobiety-i-mezczyzni-we-wspolczesnej-polsce-recenzja\\\/\",\"name\":\"\u201ePanie Przodem. O co walcz\u0105 kobiety i m\u0119\u017cczy\u017ani we wsp\u00f3\u0142czesnej Polsce\u201d - recenzja - Monika SKRODZKA\",\"isPartOf\":{\"@id\":\"https:\\\/\\\/www.monikaskrodzka.pl\\\/#website\"},\"primaryImageOfPage\":{\"@id\":\"https:\\\/\\\/www.monikaskrodzka.pl\\\/index.php\\\/2023\\\/04\\\/02\\\/panie-przodem-o-co-walcza-kobiety-i-mezczyzni-we-wspolczesnej-polsce-recenzja\\\/#primaryimage\"},\"image\":{\"@id\":\"https:\\\/\\\/www.monikaskrodzka.pl\\\/index.php\\\/2023\\\/04\\\/02\\\/panie-przodem-o-co-walcza-kobiety-i-mezczyzni-we-wspolczesnej-polsce-recenzja\\\/#primaryimage\"},\"thumbnailUrl\":\"https:\\\/\\\/www.monikaskrodzka.pl\\\/wp-content\\\/uploads\\\/2023\\\/04\\\/PaniePRzodem.png\",\"datePublished\":\"2023-04-02T17:30:35+00:00\",\"author\":{\"@id\":\"https:\\\/\\\/www.monikaskrodzka.pl\\\/#\\\/schema\\\/person\\\/8b74544471de6f51ad24c0b19441ff4a\"},\"breadcrumb\":{\"@id\":\"https:\\\/\\\/www.monikaskrodzka.pl\\\/index.php\\\/2023\\\/04\\\/02\\\/panie-przodem-o-co-walcza-kobiety-i-mezczyzni-we-wspolczesnej-polsce-recenzja\\\/#breadcrumb\"},\"inLanguage\":\"pl-PL\",\"potentialAction\":[{\"@type\":\"ReadAction\",\"target\":[\"https:\\\/\\\/www.monikaskrodzka.pl\\\/index.php\\\/2023\\\/04\\\/02\\\/panie-przodem-o-co-walcza-kobiety-i-mezczyzni-we-wspolczesnej-polsce-recenzja\\\/\"]}]},{\"@type\":\"ImageObject\",\"inLanguage\":\"pl-PL\",\"@id\":\"https:\\\/\\\/www.monikaskrodzka.pl\\\/index.php\\\/2023\\\/04\\\/02\\\/panie-przodem-o-co-walcza-kobiety-i-mezczyzni-we-wspolczesnej-polsce-recenzja\\\/#primaryimage\",\"url\":\"https:\\\/\\\/www.monikaskrodzka.pl\\\/wp-content\\\/uploads\\\/2023\\\/04\\\/PaniePRzodem.png\",\"contentUrl\":\"https:\\\/\\\/www.monikaskrodzka.pl\\\/wp-content\\\/uploads\\\/2023\\\/04\\\/PaniePRzodem.png\",\"width\":953,\"height\":554},{\"@type\":\"BreadcrumbList\",\"@id\":\"https:\\\/\\\/www.monikaskrodzka.pl\\\/index.php\\\/2023\\\/04\\\/02\\\/panie-przodem-o-co-walcza-kobiety-i-mezczyzni-we-wspolczesnej-polsce-recenzja\\\/#breadcrumb\",\"itemListElement\":[{\"@type\":\"ListItem\",\"position\":1,\"name\":\"Strona g\u0142\u00f3wna\",\"item\":\"https:\\\/\\\/www.monikaskrodzka.pl\\\/\"},{\"@type\":\"ListItem\",\"position\":2,\"name\":\"\u201ePanie Przodem. O co walcz\u0105 kobiety i m\u0119\u017cczy\u017ani we wsp\u00f3\u0142czesnej Polsce\u201d &#8211; recenzja\"}]},{\"@type\":\"WebSite\",\"@id\":\"https:\\\/\\\/www.monikaskrodzka.pl\\\/#website\",\"url\":\"https:\\\/\\\/www.monikaskrodzka.pl\\\/\",\"name\":\"Monika SKRODZKA\",\"description\":\"Ucz\u0119 tego, jak kreowa\u0107 skuteczne relacje (nie tylko) w biznesie!\",\"potentialAction\":[{\"@type\":\"SearchAction\",\"target\":{\"@type\":\"EntryPoint\",\"urlTemplate\":\"https:\\\/\\\/www.monikaskrodzka.pl\\\/?s={search_term_string}\"},\"query-input\":{\"@type\":\"PropertyValueSpecification\",\"valueRequired\":true,\"valueName\":\"search_term_string\"}}],\"inLanguage\":\"pl-PL\"},{\"@type\":\"Person\",\"@id\":\"https:\\\/\\\/www.monikaskrodzka.pl\\\/#\\\/schema\\\/person\\\/8b74544471de6f51ad24c0b19441ff4a\",\"name\":\"Monika\",\"image\":{\"@type\":\"ImageObject\",\"inLanguage\":\"pl-PL\",\"@id\":\"https:\\\/\\\/secure.gravatar.com\\\/avatar\\\/2dee0624f05d529cd569f5ed35e3ec17d83d06d4c293fbc884592897a3a4330c?s=96&d=mm&r=g\",\"url\":\"https:\\\/\\\/secure.gravatar.com\\\/avatar\\\/2dee0624f05d529cd569f5ed35e3ec17d83d06d4c293fbc884592897a3a4330c?s=96&d=mm&r=g\",\"contentUrl\":\"https:\\\/\\\/secure.gravatar.com\\\/avatar\\\/2dee0624f05d529cd569f5ed35e3ec17d83d06d4c293fbc884592897a3a4330c?s=96&d=mm&r=g\",\"caption\":\"Monika\"},\"sameAs\":[\"http:\\\/\\\/www.monikaskrodzka.pl\"],\"url\":\"https:\\\/\\\/www.monikaskrodzka.pl\\\/index.php\\\/author\\\/admin\\\/\"}]}<\/script>\n<!-- \/ Yoast SEO plugin. -->","yoast_head_json":{"title":"\u201ePanie Przodem. O co walcz\u0105 kobiety i m\u0119\u017cczy\u017ani we wsp\u00f3\u0142czesnej Polsce\u201d - recenzja - Monika SKRODZKA","robots":{"index":"index","follow":"follow","max-snippet":"max-snippet:-1","max-image-preview":"max-image-preview:large","max-video-preview":"max-video-preview:-1"},"canonical":"https:\/\/www.monikaskrodzka.pl\/index.php\/2023\/04\/02\/panie-przodem-o-co-walcza-kobiety-i-mezczyzni-we-wspolczesnej-polsce-recenzja\/","og_locale":"pl_PL","og_type":"article","og_title":"\u201ePanie Przodem. O co walcz\u0105 kobiety i m\u0119\u017cczy\u017ani we wsp\u00f3\u0142czesnej Polsce\u201d - recenzja - Monika SKRODZKA","og_description":"Je\u015bli my\u015blisz, \u017ce to kolejna pseudofeministyczna ksi\u0105\u017cka o wy\u017cszo\u015bci kobiet nad m\u0119\u017cczyznami to si\u0119 mylisz. S\u0142owem przypomnia\u0142 mi si\u0119 \u017cart, kt\u00f3ry kiedy\u015b us\u0142ysza\u0142am, \u017ce m\u0119\u017cczy\u017ani","og_url":"https:\/\/www.monikaskrodzka.pl\/index.php\/2023\/04\/02\/panie-przodem-o-co-walcza-kobiety-i-mezczyzni-we-wspolczesnej-polsce-recenzja\/","og_site_name":"Monika SKRODZKA","article_published_time":"2023-04-02T17:30:35+00:00","og_image":[{"width":953,"height":554,"url":"https:\/\/www.monikaskrodzka.pl\/wp-content\/uploads\/2023\/04\/PaniePRzodem.png","type":"image\/png"}],"author":"Monika","twitter_card":"summary_large_image","twitter_misc":{"Napisane przez":"Monika","Szacowany czas czytania":"7 minut"},"schema":{"@context":"https:\/\/schema.org","@graph":[{"@type":"Article","@id":"https:\/\/www.monikaskrodzka.pl\/index.php\/2023\/04\/02\/panie-przodem-o-co-walcza-kobiety-i-mezczyzni-we-wspolczesnej-polsce-recenzja\/#article","isPartOf":{"@id":"https:\/\/www.monikaskrodzka.pl\/index.php\/2023\/04\/02\/panie-przodem-o-co-walcza-kobiety-i-mezczyzni-we-wspolczesnej-polsce-recenzja\/"},"author":{"name":"Monika","@id":"https:\/\/www.monikaskrodzka.pl\/#\/schema\/person\/8b74544471de6f51ad24c0b19441ff4a"},"headline":"\u201ePanie Przodem. O co walcz\u0105 kobiety i m\u0119\u017cczy\u017ani we wsp\u00f3\u0142czesnej Polsce\u201d &#8211; recenzja","datePublished":"2023-04-02T17:30:35+00:00","mainEntityOfPage":{"@id":"https:\/\/www.monikaskrodzka.pl\/index.php\/2023\/04\/02\/panie-przodem-o-co-walcza-kobiety-i-mezczyzni-we-wspolczesnej-polsce-recenzja\/"},"wordCount":1373,"commentCount":0,"image":{"@id":"https:\/\/www.monikaskrodzka.pl\/index.php\/2023\/04\/02\/panie-przodem-o-co-walcza-kobiety-i-mezczyzni-we-wspolczesnej-polsce-recenzja\/#primaryimage"},"thumbnailUrl":"https:\/\/www.monikaskrodzka.pl\/wp-content\/uploads\/2023\/04\/PaniePRzodem.png","keywords":["akcjarelacja","Biznes","Efektywno\u015b\u0107","Emocje","feminizm","InteligencjaEmocjonalna","Kobieta","Mened\u017cer","m\u0119\u017cczyzna","PaniePrzodem","stereotypy","WydawnictwoZnak","Zarz\u0105dzanie","zdrowarelacja"],"articleSection":["Blog"],"inLanguage":"pl-PL","potentialAction":[{"@type":"CommentAction","name":"Comment","target":["https:\/\/www.monikaskrodzka.pl\/index.php\/2023\/04\/02\/panie-przodem-o-co-walcza-kobiety-i-mezczyzni-we-wspolczesnej-polsce-recenzja\/#respond"]}]},{"@type":"WebPage","@id":"https:\/\/www.monikaskrodzka.pl\/index.php\/2023\/04\/02\/panie-przodem-o-co-walcza-kobiety-i-mezczyzni-we-wspolczesnej-polsce-recenzja\/","url":"https:\/\/www.monikaskrodzka.pl\/index.php\/2023\/04\/02\/panie-przodem-o-co-walcza-kobiety-i-mezczyzni-we-wspolczesnej-polsce-recenzja\/","name":"\u201ePanie Przodem. O co walcz\u0105 kobiety i m\u0119\u017cczy\u017ani we wsp\u00f3\u0142czesnej Polsce\u201d - recenzja - Monika SKRODZKA","isPartOf":{"@id":"https:\/\/www.monikaskrodzka.pl\/#website"},"primaryImageOfPage":{"@id":"https:\/\/www.monikaskrodzka.pl\/index.php\/2023\/04\/02\/panie-przodem-o-co-walcza-kobiety-i-mezczyzni-we-wspolczesnej-polsce-recenzja\/#primaryimage"},"image":{"@id":"https:\/\/www.monikaskrodzka.pl\/index.php\/2023\/04\/02\/panie-przodem-o-co-walcza-kobiety-i-mezczyzni-we-wspolczesnej-polsce-recenzja\/#primaryimage"},"thumbnailUrl":"https:\/\/www.monikaskrodzka.pl\/wp-content\/uploads\/2023\/04\/PaniePRzodem.png","datePublished":"2023-04-02T17:30:35+00:00","author":{"@id":"https:\/\/www.monikaskrodzka.pl\/#\/schema\/person\/8b74544471de6f51ad24c0b19441ff4a"},"breadcrumb":{"@id":"https:\/\/www.monikaskrodzka.pl\/index.php\/2023\/04\/02\/panie-przodem-o-co-walcza-kobiety-i-mezczyzni-we-wspolczesnej-polsce-recenzja\/#breadcrumb"},"inLanguage":"pl-PL","potentialAction":[{"@type":"ReadAction","target":["https:\/\/www.monikaskrodzka.pl\/index.php\/2023\/04\/02\/panie-przodem-o-co-walcza-kobiety-i-mezczyzni-we-wspolczesnej-polsce-recenzja\/"]}]},{"@type":"ImageObject","inLanguage":"pl-PL","@id":"https:\/\/www.monikaskrodzka.pl\/index.php\/2023\/04\/02\/panie-przodem-o-co-walcza-kobiety-i-mezczyzni-we-wspolczesnej-polsce-recenzja\/#primaryimage","url":"https:\/\/www.monikaskrodzka.pl\/wp-content\/uploads\/2023\/04\/PaniePRzodem.png","contentUrl":"https:\/\/www.monikaskrodzka.pl\/wp-content\/uploads\/2023\/04\/PaniePRzodem.png","width":953,"height":554},{"@type":"BreadcrumbList","@id":"https:\/\/www.monikaskrodzka.pl\/index.php\/2023\/04\/02\/panie-przodem-o-co-walcza-kobiety-i-mezczyzni-we-wspolczesnej-polsce-recenzja\/#breadcrumb","itemListElement":[{"@type":"ListItem","position":1,"name":"Strona g\u0142\u00f3wna","item":"https:\/\/www.monikaskrodzka.pl\/"},{"@type":"ListItem","position":2,"name":"\u201ePanie Przodem. O co walcz\u0105 kobiety i m\u0119\u017cczy\u017ani we wsp\u00f3\u0142czesnej Polsce\u201d &#8211; recenzja"}]},{"@type":"WebSite","@id":"https:\/\/www.monikaskrodzka.pl\/#website","url":"https:\/\/www.monikaskrodzka.pl\/","name":"Monika SKRODZKA","description":"Ucz\u0119 tego, jak kreowa\u0107 skuteczne relacje (nie tylko) w biznesie!","potentialAction":[{"@type":"SearchAction","target":{"@type":"EntryPoint","urlTemplate":"https:\/\/www.monikaskrodzka.pl\/?s={search_term_string}"},"query-input":{"@type":"PropertyValueSpecification","valueRequired":true,"valueName":"search_term_string"}}],"inLanguage":"pl-PL"},{"@type":"Person","@id":"https:\/\/www.monikaskrodzka.pl\/#\/schema\/person\/8b74544471de6f51ad24c0b19441ff4a","name":"Monika","image":{"@type":"ImageObject","inLanguage":"pl-PL","@id":"https:\/\/secure.gravatar.com\/avatar\/2dee0624f05d529cd569f5ed35e3ec17d83d06d4c293fbc884592897a3a4330c?s=96&d=mm&r=g","url":"https:\/\/secure.gravatar.com\/avatar\/2dee0624f05d529cd569f5ed35e3ec17d83d06d4c293fbc884592897a3a4330c?s=96&d=mm&r=g","contentUrl":"https:\/\/secure.gravatar.com\/avatar\/2dee0624f05d529cd569f5ed35e3ec17d83d06d4c293fbc884592897a3a4330c?s=96&d=mm&r=g","caption":"Monika"},"sameAs":["http:\/\/www.monikaskrodzka.pl"],"url":"https:\/\/www.monikaskrodzka.pl\/index.php\/author\/admin\/"}]}},"post_mailing_queue_ids":[],"_links":{"self":[{"href":"https:\/\/www.monikaskrodzka.pl\/index.php\/wp-json\/wp\/v2\/posts\/1209","targetHints":{"allow":["GET"]}}],"collection":[{"href":"https:\/\/www.monikaskrodzka.pl\/index.php\/wp-json\/wp\/v2\/posts"}],"about":[{"href":"https:\/\/www.monikaskrodzka.pl\/index.php\/wp-json\/wp\/v2\/types\/post"}],"author":[{"embeddable":true,"href":"https:\/\/www.monikaskrodzka.pl\/index.php\/wp-json\/wp\/v2\/users\/1"}],"replies":[{"embeddable":true,"href":"https:\/\/www.monikaskrodzka.pl\/index.php\/wp-json\/wp\/v2\/comments?post=1209"}],"version-history":[{"count":1,"href":"https:\/\/www.monikaskrodzka.pl\/index.php\/wp-json\/wp\/v2\/posts\/1209\/revisions"}],"predecessor-version":[{"id":1215,"href":"https:\/\/www.monikaskrodzka.pl\/index.php\/wp-json\/wp\/v2\/posts\/1209\/revisions\/1215"}],"wp:featuredmedia":[{"embeddable":true,"href":"https:\/\/www.monikaskrodzka.pl\/index.php\/wp-json\/wp\/v2\/media\/1214"}],"wp:attachment":[{"href":"https:\/\/www.monikaskrodzka.pl\/index.php\/wp-json\/wp\/v2\/media?parent=1209"}],"wp:term":[{"taxonomy":"category","embeddable":true,"href":"https:\/\/www.monikaskrodzka.pl\/index.php\/wp-json\/wp\/v2\/categories?post=1209"},{"taxonomy":"post_tag","embeddable":true,"href":"https:\/\/www.monikaskrodzka.pl\/index.php\/wp-json\/wp\/v2\/tags?post=1209"}],"curies":[{"name":"wp","href":"https:\/\/api.w.org\/{rel}","templated":true}]}}