{"id":1286,"date":"2023-04-27T23:53:10","date_gmt":"2023-04-27T23:53:10","guid":{"rendered":"http:\/\/www.monikaskrodzka.pl\/?p=1286"},"modified":"2023-04-27T23:53:11","modified_gmt":"2023-04-27T23:53:11","slug":"zarzadzaj-skutecznie-burza-mozgow-metoda-6-kapeluszy-myslowych","status":"publish","type":"post","link":"https:\/\/www.monikaskrodzka.pl\/index.php\/2023\/04\/27\/zarzadzaj-skutecznie-burza-mozgow-metoda-6-kapeluszy-myslowych\/","title":{"rendered":"Zarz\u0105dzaj skutecznie- burza m\u00f3zg\u00f3w metod\u0105 6 kapeluszy my\u015blowych"},"content":{"rendered":"\n<p>Pracuj\u0105c zespo\u0142owo mamy do czynienia z du\u017c\u0105 ilo\u015bci\u0105 spotka\u0144:<\/p>\n\n\n\n<p>&#8211; potrzebnych\/ niepotrzebnych<\/p>\n\n\n\n<p>&#8211; konstruktywnych \/ zabieraj\u0105cych nasz czas<\/p>\n\n\n\n<p>&#8211; w kt\u00f3rych jeste\u015bmy stron\u0105\/ lub tylko dodatkiem<\/p>\n\n\n\n<p>Warto wi\u0119c je odpowiednio moderowa\u0107, tak\u017ce po to by nie zniech\u0119ca\u0107 samych pracownik\u00f3w. Jest co\u015b demotywuj\u0105cego w \u201eutkni\u0119ciu\u201d na bezsensownych lub nic nie daj\u0105cych &nbsp;spotkaniach \u2013 szczeg\u00f3lnie, \u017ce ka\u017cdy ma zwykle sporo rzeczy do zrobienia.<\/p>\n\n\n\n<p><strong>Co daje burza m\u00f3zg\u00f3w?<\/strong><\/p>\n\n\n\n<p>Burza m\u00f3zg\u00f3w jest nazywana te\u017c sesj\u0105 kreatywn\u0105. Z mojego do\u015bwiadczenia jest to jeden z lepszych sposob\u00f3w zbierania pomys\u0142\u00f3w i rozwi\u0105za\u0144 w grupie \u2013 pod warunkiem dobrych relacji biznesowych w\u015br\u00f3d os\u00f3b uczestnicz\u0105cych.<\/p>\n\n\n\n<p>Przeprowadza si\u0119 j\u0105 zwykle w celu:<\/p>\n\n\n\n<p>&#8211; zbierania nowych pomys\u0142\u00f3w (i innowacji)<\/p>\n\n\n\n<p>-rozwi\u0105zywania problem\u00f3w,<\/p>\n\n\n\n<p>-podejmowania decyzji lub planowania dzia\u0142a\u0144 w firmie<\/p>\n\n\n\n<p>Burza m\u00f3zg\u00f3w mo\u017ce przynie\u015b\u0107 wiele korzy\u015bci dla firmy, takich jak poprawa wsp\u00f3\u0142pracy, zaufania i motywacji w zespole oraz wzrost kreatywno\u015bci (o innowacji i kreatywno\u015bci pisa\u0142am w osobnym artykule <a href=\"https:\/\/www.linkedin.com\/pulse\/jak-innowacyjno%25C5%259B%25C4%2587-i-kreatywno%25C5%259B%25C4%2587-przyczyniaj%25C4%2585-si%25C4%2599-do-sukcesu-skrodzka\/?trackingId=4xaT9Ao9SbuepmkgEVToFQ%3D%3D\" target=\"_blank\" rel=\"noreferrer noopener\">TUTAJ<\/a> a wczoraj zamieszcza\u0142am inspiruj\u0105cy wyk\u0142ad <a href=\"https:\/\/www.linkedin.com\/feed\/update\/urn:li:activity:7057413173867364352\" target=\"_blank\" rel=\"noreferrer noopener\">TUTAJ<\/a>)<\/p>\n\n\n\n<p>Warto jednak pami\u0119ta\u0107, \u017ce burza m\u00f3zg\u00f3w mo\u017ce przynie\u015b\u0107 te\u017c pewne wyzwania, takie jak trudno\u015bci w skupieniu si\u0119 na jednym temacie lub dominacja silnych osobowo\u015bci w grupie. Dlatego wa\u017cne jest odpowiednie przygotowanie i prowadzenie sesji, a tak\u017ce zach\u0119canie do aktywnego udzia\u0142u wszystkich uczestnik\u00f3w.<\/p>\n\n\n\n<p><strong>Metoda 6 kapeluszy my\u015blowych<\/strong><\/p>\n\n\n\n<p>Bardzo ciekaw\u0105 metod\u0105 do moderowania takiego spotkania w taki spos\u00f3b aby spojrze\u0107 z boku i dzia\u0142a\u0107 projektowo jest technika 6 kapeluszy my\u015blowych. Metoda tw\u00f3rczego my\u015blenia stworzona przez Edwarda de Bono w 1985 roku \u2013 nadal ma si\u0119 \u015bwietnie w dzia\u0142aniu.<\/p>\n\n\n\n<p>Polega ona na tym, aby podej\u015b\u0107 do danego zadania poprzez sekwencj\u0119 r\u00f3\u017cnych kapeluszy, kt\u00f3re reprezentuj\u0105 tak naprawd\u0119 6 r\u00f3\u017cnych sposob\u00f3w my\u015blenia. Podczas korzystania z tej metody, szczeg\u00f3lnie je\u015bli ogranicza nas presja czasu \u2013 a w zasadzie aby spotkanie by\u0142o konstruktywne warto okre\u015bli\u0107 ramy czasowe \u2013 mo\u017cna stosowa\u0107 r\u00f3\u017cne sekwencje kapeluszy.<\/p>\n\n\n\n<p>Ka\u017cdy z nich obrazuje r\u00f3\u017cne podej\u015bcie do danego tematu. W dodatku moderuj\u0105c o czym teraz rozmawiamy \u2013 mamy lepsz\u0105 kontrol\u0119 nad samym procesem, i cho\u0107 w brainstormingu chodzi o nie negowanie r\u00f3\u017cnych pomys\u0142\u00f3w \u0142atwiej panowa\u0107 nad samym procesem \u2013 my\u015bl\u0119, \u017ce potwierdzi to ka\u017cda osoba prowadz\u0105ca takie spotkania. Czasem bowiem ogromn\u0105 pu\u0142apk\u0105 jest \u201ewpadni\u0119cie\u201d w narzekanie lub odwrotnie patrzenie \u201ew r\u00f3\u017cowych okularach\u201d na dan\u0105 kwesti\u0119 a tymczasem chodzi o zebranie pomys\u0142\u00f3w, podj\u0119cie decyzji, lub rozwi\u0105zanie spraw. Prowadz\u0105c rozmowy w taki spos\u00f3b \u2013 mamy zwyczajnie szerszy obraz.<\/p>\n\n\n\n<p>&#8211; <strong>czarny kapelusz<\/strong> symbolizuje obiektywn\u0105 krytyk\u0119 i pesymizm; skupia si\u0119 na trudno\u015bciach<\/p>\n\n\n\n<p>&#8211; <strong>czerwony kapelusz<\/strong> symbolizuje korzystanie z intuicji i emocji; m\u00f3wi co i jak czujemy w danym projekcie, pomy\u015ble<\/p>\n\n\n\n<p>&#8211; <strong>niebieski kapelusz<\/strong> pokazuje bezstronno\u015b\u0107 i strategiczne podej\u015bcie oraz planowanie \u201ena zimno\u201d<\/p>\n\n\n\n<p>&#8211; <strong>bia\u0142y kapelus<\/strong>z jest swoistym fundamentem, zbiera fakty: dane, liczby \u2013 co mamy i czego nam brakuje<\/p>\n\n\n\n<p>&#8211; <strong>\u017c\u00f3\u0142ty kapelusz<\/strong> symbolizuje optymizm i pokazuje mocne strony &nbsp;projektu<\/p>\n\n\n\n<p>&#8211;<strong>zielony kapelusz<\/strong> \u2013 kreatywno\u015b\u0107 i nowe pomys\u0142y \u2013 bez wst\u0119pnego ich oceniania.<\/p>\n\n\n\n<p>Metoda ta jest naprawd\u0119 przydatna i ciekawa \u2013 szczeg\u00f3lnie je\u015bli wykorzystujemy j\u0105 w praktyce i dostosowujemy odpowiednie i zr\u00f3\u017cnicowane pytania.<\/p>\n\n\n\n<p>Dzi\u0119ki dostosowanej do potrzeb spotkania r\u00f3\u017cnych sekwencji stosowania kapeluszy (nie musimy wykorzystywa\u0107 wszystkich \u2013 np. je\u015bli zesp\u00f3\u0142 skupia si\u0119 na jednym rodzaju \u201ekapelusza\u201d warto go zmarginalizowa\u0107, lub chwilowo pomin\u0105\u0107) \u2013 powstaje nam wiele mo\u017cliwo\u015bci. Wiem z do\u015bwiadczenia, \u017ce wielu mened\u017cer\u00f3w stosuje t\u0119 metod\u0119 intuicyjnie nawet je\u015bli jej nie zna. Warto jednak o niej wiedzie\u0107, dzi\u0119ki czemu mo\u017cemy naprawd\u0119 mocno i pod r\u00f3\u017cnym k\u0105tem \u201erozpracowa\u0107\u201d dany projekt czy te\u017c rzetelnie oceni\u0107 zebrane ju\u017c wcze\u015bniej pomys\u0142y, by wybra\u0107 ten najlepszy\ud83d\ude0a.<\/p>\n\n\n\n<p>Polecam sprawdzi\u0107, pami\u0119taj\u0105c, \u017ce warto budowa\u0107 dobre relacje biznesowe, bo one wewn\u0105trz i na zewn\u0105trz organizacji pomagaj\u0105 nam szuka\u0107 nowych pomys\u0142\u00f3w, rozwi\u0105za\u0144 i wzmacniaj\u0105 wi\u0119zi, motywacj\u0119 i odpowiedzialno\u015b\u0107 za projekt. Je\u015bli za\u015b ich brakuje \u2013 burze m\u00f3zg\u00f3w b\u0119d\u0105 albo koncentrowa\u0142y si\u0119 na minusach \u2013 nie wznosz\u0105c nic konstruktywnego, albo skupia\u0142y si\u0119 na plusach, gdzie naprawd\u0119 cz\u0119sto (i wielokrotnie widzia\u0142am to bezpo\u015brednio) wi\u0119kszo\u015b\u0107 os\u00f3b od pocz\u0105tku wiedzia\u0142o, \u017ce to fiasko.<\/p>\n\n\n\n<p>Spr\u00f3buj, wykorzystaj i zobacz jak dzia\u0142a. Sama stosuj\u0119 t\u0119 technik\u0119 w\u015br\u00f3d moich klient\u00f3w \u2013 tak\u017ce przy sesjach konsultacyjnych \u2013 w temacie zarz\u0105dzania, motywowania czy sprzeda\u017cy. Polecam, bo jest prosta, racjonalna i po prostu przydatna\ud83d\ude0a.<\/p>\n\n\n\n<figure class=\"wp-block-gallery has-nested-images columns-default is-cropped wp-block-gallery-1 is-layout-flex wp-block-gallery-is-layout-flex\">\n<figure class=\"wp-block-image size-large\"><img loading=\"lazy\" decoding=\"async\" width=\"1024\" height=\"26\" data-id=\"1287\" src=\"https:\/\/www.monikaskrodzka.pl\/wp-content\/uploads\/2023\/04\/czerwona-kreska-Poprzeczka-18-1024x26.jpg\" alt=\"\" class=\"wp-image-1287\" srcset=\"https:\/\/www.monikaskrodzka.pl\/wp-content\/uploads\/2023\/04\/czerwona-kreska-Poprzeczka-18-1024x26.jpg 1024w, https:\/\/www.monikaskrodzka.pl\/wp-content\/uploads\/2023\/04\/czerwona-kreska-Poprzeczka-18-300x8.jpg 300w, https:\/\/www.monikaskrodzka.pl\/wp-content\/uploads\/2023\/04\/czerwona-kreska-Poprzeczka-18-768x19.jpg 768w, https:\/\/www.monikaskrodzka.pl\/wp-content\/uploads\/2023\/04\/czerwona-kreska-Poprzeczka-18.jpg 1117w\" sizes=\"auto, (max-width: 1024px) 100vw, 1024px\" \/><\/figure>\n<\/figure>\n\n\n\n<p>W tym tygodniu tradycyjnie&nbsp;na moim zawodowym profilu LinkedIn&nbsp;<a href=\"https:\/\/www.linkedin.com\/company\/monikaskrodzka\/\" target=\"_blank\" rel=\"noreferrer noopener\">Monika Skrodzka<\/a>&nbsp;trwa powywiadowe wyzwanie z <a href=\"https:\/\/www.linkedin.com\/post\/edit\/7057495097692602368\/?author=urn%3Ali%3Afs_miniProfile%3AACoAABkHXtQBSnvof-g0U7lzupe-iEh5Jt0l0TA#\">Artur \ud83e\udd16 Kurasi\u0144ski<\/a> jak zwykle z mega nagrodami nagrodami\ud83d\ude0a. Do niedzieli do godziny 21.00 mo\u017cesz wzi\u0105\u0107 udzia\u0142 i zdoby\u0107 konsultacj\u0119 u Artura b\u0105d\u017a jego ksi\u0105\u017cki. Serdecznie zapraszam&nbsp;<a href=\"https:\/\/www.linkedin.com\/feed\/update\/urn:li:activity:7056139699291103232\" target=\"_blank\" rel=\"noreferrer noopener\">TUTAJ<\/a>!<\/p>\n\n\n\n<p>Je\u015bli nie ogl\u0105da\u0142a\u015b\/e\u015b naszej rozmowy mo\u017cesz obejrze\u0107\u00a0<a rel=\"noreferrer noopener\" href=\"https:\/\/youtu.be\/glaUaGq3oAU\" target=\"_blank\">TUTAJ<\/a>.\u00a0Polecam!<\/p>\n\n\n\n<p><\/p>\n\n\n\n<figure class=\"wp-block-gallery has-nested-images columns-default is-cropped wp-block-gallery-2 is-layout-flex wp-block-gallery-is-layout-flex\">\n<figure class=\"wp-block-image size-large\"><a href=\"https:\/\/www.linkedin.com\/feed\/update\/urn:li:activity:7056139699291103232\"><img loading=\"lazy\" decoding=\"async\" width=\"592\" height=\"891\" data-id=\"1288\" src=\"https:\/\/www.monikaskrodzka.pl\/wp-content\/uploads\/2023\/04\/Wyzwanie-Artur-Kurasinski.png\" alt=\"\" class=\"wp-image-1288\" srcset=\"https:\/\/www.monikaskrodzka.pl\/wp-content\/uploads\/2023\/04\/Wyzwanie-Artur-Kurasinski.png 592w, https:\/\/www.monikaskrodzka.pl\/wp-content\/uploads\/2023\/04\/Wyzwanie-Artur-Kurasinski-199x300.png 199w\" sizes=\"auto, (max-width: 592px) 100vw, 592px\" \/><\/a><\/figure>\n<\/figure>\n\n\n\n<figure class=\"wp-block-gallery has-nested-images columns-default is-cropped wp-block-gallery-3 is-layout-flex wp-block-gallery-is-layout-flex\">\n<figure class=\"wp-block-image size-large\"><img loading=\"lazy\" decoding=\"async\" width=\"1024\" height=\"26\" data-id=\"1289\" src=\"https:\/\/www.monikaskrodzka.pl\/wp-content\/uploads\/2023\/04\/czerwona-kreska-Poprzeczka-19-1024x26.jpg\" alt=\"\" class=\"wp-image-1289\" srcset=\"https:\/\/www.monikaskrodzka.pl\/wp-content\/uploads\/2023\/04\/czerwona-kreska-Poprzeczka-19-1024x26.jpg 1024w, https:\/\/www.monikaskrodzka.pl\/wp-content\/uploads\/2023\/04\/czerwona-kreska-Poprzeczka-19-300x8.jpg 300w, https:\/\/www.monikaskrodzka.pl\/wp-content\/uploads\/2023\/04\/czerwona-kreska-Poprzeczka-19-768x19.jpg 768w, https:\/\/www.monikaskrodzka.pl\/wp-content\/uploads\/2023\/04\/czerwona-kreska-Poprzeczka-19.jpg 1117w\" sizes=\"auto, (max-width: 1024px) 100vw, 1024px\" \/><\/figure>\n<\/figure>\n\n\n\n<p>Ju\u017c za tydzie\u0144 \u2013 w kolejny&nbsp;<strong>#czwartek<\/strong>&nbsp;o 20.00 w moim autorskim cyklu&nbsp;<strong>#Monikapoleca<\/strong>&nbsp;b\u0119dziesz m\u00f3g\u0142\/a wys\u0142ucha\u0107 mojej rozmowy z&nbsp;<a href=\"https:\/\/www.linkedin.com\/post\/edit\/7057495097692602368\/?author=urn%3Ali%3Afs_miniProfile%3AACoAABkHXtQBSnvof-g0U7lzupe-iEh5Jt0l0TA#\">Katarzyna Rymaszewska<\/a> \u2013 ambasadork\u0105 zatrudniania os\u00f3b niepe\u0142nosprawnych.<\/p>\n\n\n\n<p>Porozmawiamy o tematyce w uj\u0119ciu 3 stron:<\/p>\n\n\n\n<p>&#8211; pracodawc\u00f3w \u2013 ich potrzeb, obaw i oczekiwa\u0144,<\/p>\n\n\n\n<p>&#8211; os\u00f3b niepe\u0142nosprawnych \u2013 poszukiwanych kompetencji na rynku i ich potrzeb,<\/p>\n\n\n\n<p>&#8211; os\u00f3b pe\u0142nosprawnych \u2013 kt\u00f3re naprawd\u0119 wiele mog\u0105 zrobi\u0107 w tym temacie\ud83d\ude0a<\/p>\n\n\n\n<p>Serdecznie zapraszam!\u00a0<strong>Zapisz si\u0119 na bezp\u0142atne wydarzenie na\u00a0<\/strong><a rel=\"noreferrer noopener\" href=\"https:\/\/www.linkedin.com\/events\/pe-nosprawniwpracy-aktywizacjaz7054930535655063553\/comments\/\" target=\"_blank\"><strong><u>LI<\/u><\/strong><\/a><strong><u> (zapisa\u0142o si\u0119 ju\u017c blisko 300 os\u00f3b\ud83d\ude0a<\/u>\u00a0lub\u00a0<\/strong><a rel=\"noreferrer noopener\" href=\"https:\/\/fb.me\/e\/2xE5caSLC\" target=\"_blank\"><strong><u>FB<\/u><\/strong><\/a><strong><u>,<\/u><\/strong>\u00a0bo jak zwykle czeka Ci\u0119 dawka wiedzy i szczero\u015bci w biznesie!<\/p>\n\n\n\n<figure class=\"wp-block-gallery has-nested-images columns-default is-cropped wp-block-gallery-4 is-layout-flex wp-block-gallery-is-layout-flex\">\n<figure class=\"wp-block-image size-large\"><a href=\"https:\/\/www.linkedin.com\/events\/pe-nosprawniwpracy-aktywizacjaz7054930535655063553\/comments\/\"><img loading=\"lazy\" decoding=\"async\" width=\"1024\" height=\"576\" data-id=\"1290\" src=\"https:\/\/www.monikaskrodzka.pl\/wp-content\/uploads\/2023\/04\/pelnosprawni-niepelnosprawni-1024x576.png\" alt=\"\" class=\"wp-image-1290\" srcset=\"https:\/\/www.monikaskrodzka.pl\/wp-content\/uploads\/2023\/04\/pelnosprawni-niepelnosprawni-1024x576.png 1024w, https:\/\/www.monikaskrodzka.pl\/wp-content\/uploads\/2023\/04\/pelnosprawni-niepelnosprawni-300x169.png 300w, https:\/\/www.monikaskrodzka.pl\/wp-content\/uploads\/2023\/04\/pelnosprawni-niepelnosprawni-768x432.png 768w, https:\/\/www.monikaskrodzka.pl\/wp-content\/uploads\/2023\/04\/pelnosprawni-niepelnosprawni.png 1280w\" sizes=\"auto, (max-width: 1024px) 100vw, 1024px\" \/><\/a><\/figure>\n<\/figure>\n\n\n\n<figure class=\"wp-block-gallery has-nested-images columns-default is-cropped wp-block-gallery-5 is-layout-flex wp-block-gallery-is-layout-flex\">\n<figure class=\"wp-block-image size-large\"><img loading=\"lazy\" decoding=\"async\" width=\"1024\" height=\"26\" data-id=\"1291\" src=\"https:\/\/www.monikaskrodzka.pl\/wp-content\/uploads\/2023\/04\/czerwona-kreska-Poprzeczka-20-1024x26.jpg\" alt=\"\" class=\"wp-image-1291\" srcset=\"https:\/\/www.monikaskrodzka.pl\/wp-content\/uploads\/2023\/04\/czerwona-kreska-Poprzeczka-20-1024x26.jpg 1024w, https:\/\/www.monikaskrodzka.pl\/wp-content\/uploads\/2023\/04\/czerwona-kreska-Poprzeczka-20-300x8.jpg 300w, https:\/\/www.monikaskrodzka.pl\/wp-content\/uploads\/2023\/04\/czerwona-kreska-Poprzeczka-20-768x19.jpg 768w, https:\/\/www.monikaskrodzka.pl\/wp-content\/uploads\/2023\/04\/czerwona-kreska-Poprzeczka-20.jpg 1117w\" sizes=\"auto, (max-width: 1024px) 100vw, 1024px\" \/><\/figure>\n<\/figure>\n\n\n\n<p>Tradycyjnie, jak co pi\u0105tek rekomenduj\u0119 Ci ksi\u0105\u017ck\u0119. Tym razem ze wzgl\u0119du na d\u0142u\u017cszy weekend polecam ksi\u0105\u017ck\u0119 Ewy Stachniak \u201e<em>Katarzyna Wielka. Gra o w\u0142adz\u0119\u201d.<\/em><\/p>\n\n\n\n<figure class=\"wp-block-gallery has-nested-images columns-default is-cropped wp-block-gallery-6 is-layout-flex wp-block-gallery-is-layout-flex\">\n<figure class=\"wp-block-image size-large\"><img loading=\"lazy\" decoding=\"async\" width=\"768\" height=\"1024\" data-id=\"1292\" src=\"https:\/\/www.monikaskrodzka.pl\/wp-content\/uploads\/2023\/04\/Katarzyna-Wielka.Gra-o-wladze-768x1024.jpg\" alt=\"\" class=\"wp-image-1292\" srcset=\"https:\/\/www.monikaskrodzka.pl\/wp-content\/uploads\/2023\/04\/Katarzyna-Wielka.Gra-o-wladze-768x1024.jpg 768w, https:\/\/www.monikaskrodzka.pl\/wp-content\/uploads\/2023\/04\/Katarzyna-Wielka.Gra-o-wladze-225x300.jpg 225w, https:\/\/www.monikaskrodzka.pl\/wp-content\/uploads\/2023\/04\/Katarzyna-Wielka.Gra-o-wladze-1152x1536.jpg 1152w, https:\/\/www.monikaskrodzka.pl\/wp-content\/uploads\/2023\/04\/Katarzyna-Wielka.Gra-o-wladze.jpg 1536w\" sizes=\"auto, (max-width: 768px) 100vw, 768px\" \/><\/figure>\n<\/figure>\n\n\n\n<figure class=\"wp-block-gallery has-nested-images columns-default is-cropped wp-block-gallery-7 is-layout-flex wp-block-gallery-is-layout-flex\">\n<figure class=\"wp-block-image size-large\"><img loading=\"lazy\" decoding=\"async\" width=\"1024\" height=\"26\" data-id=\"1293\" src=\"https:\/\/www.monikaskrodzka.pl\/wp-content\/uploads\/2023\/04\/czerwona-kreska-Poprzeczka-21-1024x26.jpg\" alt=\"\" class=\"wp-image-1293\" srcset=\"https:\/\/www.monikaskrodzka.pl\/wp-content\/uploads\/2023\/04\/czerwona-kreska-Poprzeczka-21-1024x26.jpg 1024w, https:\/\/www.monikaskrodzka.pl\/wp-content\/uploads\/2023\/04\/czerwona-kreska-Poprzeczka-21-300x8.jpg 300w, https:\/\/www.monikaskrodzka.pl\/wp-content\/uploads\/2023\/04\/czerwona-kreska-Poprzeczka-21-768x19.jpg 768w, https:\/\/www.monikaskrodzka.pl\/wp-content\/uploads\/2023\/04\/czerwona-kreska-Poprzeczka-21.jpg 1117w\" sizes=\"auto, (max-width: 1024px) 100vw, 1024px\" \/><\/figure>\n<\/figure>\n\n\n\n<figure class=\"wp-block-gallery has-nested-images columns-default is-cropped wp-block-gallery-8 is-layout-flex wp-block-gallery-is-layout-flex\">\n<figure class=\"wp-block-image\"><img decoding=\"async\" src=\"blob:https:\/\/www.monikaskrodzka.pl\/94b471ee-e73a-477b-92f6-d45ce4e0eb18\" alt=\"\"\/><\/figure>\n<\/figure>\n\n\n\n<!--more-->\n","protected":false},"excerpt":{"rendered":"<p>Pracuj\u0105c zespo\u0142owo mamy do czynienia z du\u017c\u0105 ilo\u015bci\u0105 spotka\u0144: &#8211; potrzebnych\/ niepotrzebnych &#8211; konstruktywnych \/ zabieraj\u0105cych nasz czas &#8211; w kt\u00f3rych jeste\u015bmy stron\u0105\/ lub tylko<\/p>\n","protected":false},"author":1,"featured_media":1295,"comment_status":"open","ping_status":"open","sticky":false,"template":"","format":"standard","meta":{"footnotes":""},"categories":[3],"tags":[34,230,6,7,231,53,5,169],"class_list":["post-1286","post","type-post","status-publish","format-standard","has-post-thumbnail","hentry","category-blog","tag-akcjarelacja-2","tag-burzamozgow","tag-efektywnosc","tag-menedzer","tag-metoda6kapeluszymyslowych","tag-wspolpraca","tag-zarzadzanie","tag-zespol"],"yoast_head":"<!-- This site is optimized with the Yoast SEO plugin v27.3 - https:\/\/yoast.com\/product\/yoast-seo-wordpress\/ -->\n<title>Zarz\u0105dzaj skutecznie- burza m\u00f3zg\u00f3w metod\u0105 6 kapeluszy my\u015blowych - Monika SKRODZKA<\/title>\n<meta name=\"robots\" content=\"index, follow, max-snippet:-1, max-image-preview:large, max-video-preview:-1\" \/>\n<link rel=\"canonical\" href=\"https:\/\/www.monikaskrodzka.pl\/index.php\/2023\/04\/27\/zarzadzaj-skutecznie-burza-mozgow-metoda-6-kapeluszy-myslowych\/\" \/>\n<meta property=\"og:locale\" content=\"pl_PL\" \/>\n<meta property=\"og:type\" content=\"article\" \/>\n<meta property=\"og:title\" content=\"Zarz\u0105dzaj skutecznie- burza m\u00f3zg\u00f3w metod\u0105 6 kapeluszy my\u015blowych - Monika SKRODZKA\" \/>\n<meta property=\"og:description\" content=\"Pracuj\u0105c zespo\u0142owo mamy do czynienia z du\u017c\u0105 ilo\u015bci\u0105 spotka\u0144: &#8211; potrzebnych\/ niepotrzebnych &#8211; konstruktywnych \/ zabieraj\u0105cych nasz czas &#8211; w kt\u00f3rych jeste\u015bmy stron\u0105\/ lub tylko\" \/>\n<meta property=\"og:url\" content=\"https:\/\/www.monikaskrodzka.pl\/index.php\/2023\/04\/27\/zarzadzaj-skutecznie-burza-mozgow-metoda-6-kapeluszy-myslowych\/\" \/>\n<meta property=\"og:site_name\" content=\"Monika SKRODZKA\" \/>\n<meta property=\"article:published_time\" content=\"2023-04-27T23:53:10+00:00\" \/>\n<meta property=\"article:modified_time\" content=\"2023-04-27T23:53:11+00:00\" \/>\n<meta property=\"og:image\" content=\"https:\/\/www.monikaskrodzka.pl\/wp-content\/uploads\/2023\/04\/6-kapeluszy-myslowych.png\" \/>\n\t<meta property=\"og:image:width\" content=\"672\" \/>\n\t<meta property=\"og:image:height\" content=\"556\" \/>\n\t<meta property=\"og:image:type\" content=\"image\/png\" \/>\n<meta name=\"author\" content=\"Monika\" \/>\n<meta name=\"twitter:card\" content=\"summary_large_image\" \/>\n<meta name=\"twitter:label1\" content=\"Napisane przez\" \/>\n\t<meta name=\"twitter:data1\" content=\"Monika\" \/>\n\t<meta name=\"twitter:label2\" content=\"Szacowany czas czytania\" \/>\n\t<meta name=\"twitter:data2\" content=\"5 minut\" \/>\n<script type=\"application\/ld+json\" class=\"yoast-schema-graph\">{\"@context\":\"https:\\\/\\\/schema.org\",\"@graph\":[{\"@type\":\"Article\",\"@id\":\"https:\\\/\\\/www.monikaskrodzka.pl\\\/index.php\\\/2023\\\/04\\\/27\\\/zarzadzaj-skutecznie-burza-mozgow-metoda-6-kapeluszy-myslowych\\\/#article\",\"isPartOf\":{\"@id\":\"https:\\\/\\\/www.monikaskrodzka.pl\\\/index.php\\\/2023\\\/04\\\/27\\\/zarzadzaj-skutecznie-burza-mozgow-metoda-6-kapeluszy-myslowych\\\/\"},\"author\":{\"name\":\"Monika\",\"@id\":\"https:\\\/\\\/www.monikaskrodzka.pl\\\/#\\\/schema\\\/person\\\/8b74544471de6f51ad24c0b19441ff4a\"},\"headline\":\"Zarz\u0105dzaj skutecznie- burza m\u00f3zg\u00f3w metod\u0105 6 kapeluszy my\u015blowych\",\"datePublished\":\"2023-04-27T23:53:10+00:00\",\"dateModified\":\"2023-04-27T23:53:11+00:00\",\"mainEntityOfPage\":{\"@id\":\"https:\\\/\\\/www.monikaskrodzka.pl\\\/index.php\\\/2023\\\/04\\\/27\\\/zarzadzaj-skutecznie-burza-mozgow-metoda-6-kapeluszy-myslowych\\\/\"},\"wordCount\":988,\"commentCount\":0,\"image\":{\"@id\":\"https:\\\/\\\/www.monikaskrodzka.pl\\\/index.php\\\/2023\\\/04\\\/27\\\/zarzadzaj-skutecznie-burza-mozgow-metoda-6-kapeluszy-myslowych\\\/#primaryimage\"},\"thumbnailUrl\":\"https:\\\/\\\/www.monikaskrodzka.pl\\\/wp-content\\\/uploads\\\/2023\\\/04\\\/6-kapeluszy-myslowych.png\",\"keywords\":[\"akcjarelacja\",\"burzam\u00f3zg\u00f3w\",\"Efektywno\u015b\u0107\",\"Mened\u017cer\",\"metoda6kapeluszymy\u015blowych\",\"wsp\u00f3\u0142praca\",\"Zarz\u0105dzanie\",\"zesp\u00f3\u0142\"],\"articleSection\":[\"Blog\"],\"inLanguage\":\"pl-PL\",\"potentialAction\":[{\"@type\":\"CommentAction\",\"name\":\"Comment\",\"target\":[\"https:\\\/\\\/www.monikaskrodzka.pl\\\/index.php\\\/2023\\\/04\\\/27\\\/zarzadzaj-skutecznie-burza-mozgow-metoda-6-kapeluszy-myslowych\\\/#respond\"]}]},{\"@type\":\"WebPage\",\"@id\":\"https:\\\/\\\/www.monikaskrodzka.pl\\\/index.php\\\/2023\\\/04\\\/27\\\/zarzadzaj-skutecznie-burza-mozgow-metoda-6-kapeluszy-myslowych\\\/\",\"url\":\"https:\\\/\\\/www.monikaskrodzka.pl\\\/index.php\\\/2023\\\/04\\\/27\\\/zarzadzaj-skutecznie-burza-mozgow-metoda-6-kapeluszy-myslowych\\\/\",\"name\":\"Zarz\u0105dzaj skutecznie- burza m\u00f3zg\u00f3w metod\u0105 6 kapeluszy my\u015blowych - Monika SKRODZKA\",\"isPartOf\":{\"@id\":\"https:\\\/\\\/www.monikaskrodzka.pl\\\/#website\"},\"primaryImageOfPage\":{\"@id\":\"https:\\\/\\\/www.monikaskrodzka.pl\\\/index.php\\\/2023\\\/04\\\/27\\\/zarzadzaj-skutecznie-burza-mozgow-metoda-6-kapeluszy-myslowych\\\/#primaryimage\"},\"image\":{\"@id\":\"https:\\\/\\\/www.monikaskrodzka.pl\\\/index.php\\\/2023\\\/04\\\/27\\\/zarzadzaj-skutecznie-burza-mozgow-metoda-6-kapeluszy-myslowych\\\/#primaryimage\"},\"thumbnailUrl\":\"https:\\\/\\\/www.monikaskrodzka.pl\\\/wp-content\\\/uploads\\\/2023\\\/04\\\/6-kapeluszy-myslowych.png\",\"datePublished\":\"2023-04-27T23:53:10+00:00\",\"dateModified\":\"2023-04-27T23:53:11+00:00\",\"author\":{\"@id\":\"https:\\\/\\\/www.monikaskrodzka.pl\\\/#\\\/schema\\\/person\\\/8b74544471de6f51ad24c0b19441ff4a\"},\"breadcrumb\":{\"@id\":\"https:\\\/\\\/www.monikaskrodzka.pl\\\/index.php\\\/2023\\\/04\\\/27\\\/zarzadzaj-skutecznie-burza-mozgow-metoda-6-kapeluszy-myslowych\\\/#breadcrumb\"},\"inLanguage\":\"pl-PL\",\"potentialAction\":[{\"@type\":\"ReadAction\",\"target\":[\"https:\\\/\\\/www.monikaskrodzka.pl\\\/index.php\\\/2023\\\/04\\\/27\\\/zarzadzaj-skutecznie-burza-mozgow-metoda-6-kapeluszy-myslowych\\\/\"]}]},{\"@type\":\"ImageObject\",\"inLanguage\":\"pl-PL\",\"@id\":\"https:\\\/\\\/www.monikaskrodzka.pl\\\/index.php\\\/2023\\\/04\\\/27\\\/zarzadzaj-skutecznie-burza-mozgow-metoda-6-kapeluszy-myslowych\\\/#primaryimage\",\"url\":\"https:\\\/\\\/www.monikaskrodzka.pl\\\/wp-content\\\/uploads\\\/2023\\\/04\\\/6-kapeluszy-myslowych.png\",\"contentUrl\":\"https:\\\/\\\/www.monikaskrodzka.pl\\\/wp-content\\\/uploads\\\/2023\\\/04\\\/6-kapeluszy-myslowych.png\",\"width\":672,\"height\":556},{\"@type\":\"BreadcrumbList\",\"@id\":\"https:\\\/\\\/www.monikaskrodzka.pl\\\/index.php\\\/2023\\\/04\\\/27\\\/zarzadzaj-skutecznie-burza-mozgow-metoda-6-kapeluszy-myslowych\\\/#breadcrumb\",\"itemListElement\":[{\"@type\":\"ListItem\",\"position\":1,\"name\":\"Strona g\u0142\u00f3wna\",\"item\":\"https:\\\/\\\/www.monikaskrodzka.pl\\\/\"},{\"@type\":\"ListItem\",\"position\":2,\"name\":\"Zarz\u0105dzaj skutecznie- burza m\u00f3zg\u00f3w metod\u0105 6 kapeluszy my\u015blowych\"}]},{\"@type\":\"WebSite\",\"@id\":\"https:\\\/\\\/www.monikaskrodzka.pl\\\/#website\",\"url\":\"https:\\\/\\\/www.monikaskrodzka.pl\\\/\",\"name\":\"Monika SKRODZKA\",\"description\":\"Ucz\u0119 tego, jak kreowa\u0107 skuteczne relacje (nie tylko) w biznesie!\",\"potentialAction\":[{\"@type\":\"SearchAction\",\"target\":{\"@type\":\"EntryPoint\",\"urlTemplate\":\"https:\\\/\\\/www.monikaskrodzka.pl\\\/?s={search_term_string}\"},\"query-input\":{\"@type\":\"PropertyValueSpecification\",\"valueRequired\":true,\"valueName\":\"search_term_string\"}}],\"inLanguage\":\"pl-PL\"},{\"@type\":\"Person\",\"@id\":\"https:\\\/\\\/www.monikaskrodzka.pl\\\/#\\\/schema\\\/person\\\/8b74544471de6f51ad24c0b19441ff4a\",\"name\":\"Monika\",\"image\":{\"@type\":\"ImageObject\",\"inLanguage\":\"pl-PL\",\"@id\":\"https:\\\/\\\/secure.gravatar.com\\\/avatar\\\/2dee0624f05d529cd569f5ed35e3ec17d83d06d4c293fbc884592897a3a4330c?s=96&d=mm&r=g\",\"url\":\"https:\\\/\\\/secure.gravatar.com\\\/avatar\\\/2dee0624f05d529cd569f5ed35e3ec17d83d06d4c293fbc884592897a3a4330c?s=96&d=mm&r=g\",\"contentUrl\":\"https:\\\/\\\/secure.gravatar.com\\\/avatar\\\/2dee0624f05d529cd569f5ed35e3ec17d83d06d4c293fbc884592897a3a4330c?s=96&d=mm&r=g\",\"caption\":\"Monika\"},\"sameAs\":[\"http:\\\/\\\/www.monikaskrodzka.pl\"],\"url\":\"https:\\\/\\\/www.monikaskrodzka.pl\\\/index.php\\\/author\\\/admin\\\/\"}]}<\/script>\n<!-- \/ Yoast SEO plugin. -->","yoast_head_json":{"title":"Zarz\u0105dzaj skutecznie- burza m\u00f3zg\u00f3w metod\u0105 6 kapeluszy my\u015blowych - Monika SKRODZKA","robots":{"index":"index","follow":"follow","max-snippet":"max-snippet:-1","max-image-preview":"max-image-preview:large","max-video-preview":"max-video-preview:-1"},"canonical":"https:\/\/www.monikaskrodzka.pl\/index.php\/2023\/04\/27\/zarzadzaj-skutecznie-burza-mozgow-metoda-6-kapeluszy-myslowych\/","og_locale":"pl_PL","og_type":"article","og_title":"Zarz\u0105dzaj skutecznie- burza m\u00f3zg\u00f3w metod\u0105 6 kapeluszy my\u015blowych - Monika SKRODZKA","og_description":"Pracuj\u0105c zespo\u0142owo mamy do czynienia z du\u017c\u0105 ilo\u015bci\u0105 spotka\u0144: &#8211; potrzebnych\/ niepotrzebnych &#8211; konstruktywnych \/ zabieraj\u0105cych nasz czas &#8211; w kt\u00f3rych jeste\u015bmy stron\u0105\/ lub tylko","og_url":"https:\/\/www.monikaskrodzka.pl\/index.php\/2023\/04\/27\/zarzadzaj-skutecznie-burza-mozgow-metoda-6-kapeluszy-myslowych\/","og_site_name":"Monika SKRODZKA","article_published_time":"2023-04-27T23:53:10+00:00","article_modified_time":"2023-04-27T23:53:11+00:00","og_image":[{"width":672,"height":556,"url":"https:\/\/www.monikaskrodzka.pl\/wp-content\/uploads\/2023\/04\/6-kapeluszy-myslowych.png","type":"image\/png"}],"author":"Monika","twitter_card":"summary_large_image","twitter_misc":{"Napisane przez":"Monika","Szacowany czas czytania":"5 minut"},"schema":{"@context":"https:\/\/schema.org","@graph":[{"@type":"Article","@id":"https:\/\/www.monikaskrodzka.pl\/index.php\/2023\/04\/27\/zarzadzaj-skutecznie-burza-mozgow-metoda-6-kapeluszy-myslowych\/#article","isPartOf":{"@id":"https:\/\/www.monikaskrodzka.pl\/index.php\/2023\/04\/27\/zarzadzaj-skutecznie-burza-mozgow-metoda-6-kapeluszy-myslowych\/"},"author":{"name":"Monika","@id":"https:\/\/www.monikaskrodzka.pl\/#\/schema\/person\/8b74544471de6f51ad24c0b19441ff4a"},"headline":"Zarz\u0105dzaj skutecznie- burza m\u00f3zg\u00f3w metod\u0105 6 kapeluszy my\u015blowych","datePublished":"2023-04-27T23:53:10+00:00","dateModified":"2023-04-27T23:53:11+00:00","mainEntityOfPage":{"@id":"https:\/\/www.monikaskrodzka.pl\/index.php\/2023\/04\/27\/zarzadzaj-skutecznie-burza-mozgow-metoda-6-kapeluszy-myslowych\/"},"wordCount":988,"commentCount":0,"image":{"@id":"https:\/\/www.monikaskrodzka.pl\/index.php\/2023\/04\/27\/zarzadzaj-skutecznie-burza-mozgow-metoda-6-kapeluszy-myslowych\/#primaryimage"},"thumbnailUrl":"https:\/\/www.monikaskrodzka.pl\/wp-content\/uploads\/2023\/04\/6-kapeluszy-myslowych.png","keywords":["akcjarelacja","burzam\u00f3zg\u00f3w","Efektywno\u015b\u0107","Mened\u017cer","metoda6kapeluszymy\u015blowych","wsp\u00f3\u0142praca","Zarz\u0105dzanie","zesp\u00f3\u0142"],"articleSection":["Blog"],"inLanguage":"pl-PL","potentialAction":[{"@type":"CommentAction","name":"Comment","target":["https:\/\/www.monikaskrodzka.pl\/index.php\/2023\/04\/27\/zarzadzaj-skutecznie-burza-mozgow-metoda-6-kapeluszy-myslowych\/#respond"]}]},{"@type":"WebPage","@id":"https:\/\/www.monikaskrodzka.pl\/index.php\/2023\/04\/27\/zarzadzaj-skutecznie-burza-mozgow-metoda-6-kapeluszy-myslowych\/","url":"https:\/\/www.monikaskrodzka.pl\/index.php\/2023\/04\/27\/zarzadzaj-skutecznie-burza-mozgow-metoda-6-kapeluszy-myslowych\/","name":"Zarz\u0105dzaj skutecznie- burza m\u00f3zg\u00f3w metod\u0105 6 kapeluszy my\u015blowych - Monika SKRODZKA","isPartOf":{"@id":"https:\/\/www.monikaskrodzka.pl\/#website"},"primaryImageOfPage":{"@id":"https:\/\/www.monikaskrodzka.pl\/index.php\/2023\/04\/27\/zarzadzaj-skutecznie-burza-mozgow-metoda-6-kapeluszy-myslowych\/#primaryimage"},"image":{"@id":"https:\/\/www.monikaskrodzka.pl\/index.php\/2023\/04\/27\/zarzadzaj-skutecznie-burza-mozgow-metoda-6-kapeluszy-myslowych\/#primaryimage"},"thumbnailUrl":"https:\/\/www.monikaskrodzka.pl\/wp-content\/uploads\/2023\/04\/6-kapeluszy-myslowych.png","datePublished":"2023-04-27T23:53:10+00:00","dateModified":"2023-04-27T23:53:11+00:00","author":{"@id":"https:\/\/www.monikaskrodzka.pl\/#\/schema\/person\/8b74544471de6f51ad24c0b19441ff4a"},"breadcrumb":{"@id":"https:\/\/www.monikaskrodzka.pl\/index.php\/2023\/04\/27\/zarzadzaj-skutecznie-burza-mozgow-metoda-6-kapeluszy-myslowych\/#breadcrumb"},"inLanguage":"pl-PL","potentialAction":[{"@type":"ReadAction","target":["https:\/\/www.monikaskrodzka.pl\/index.php\/2023\/04\/27\/zarzadzaj-skutecznie-burza-mozgow-metoda-6-kapeluszy-myslowych\/"]}]},{"@type":"ImageObject","inLanguage":"pl-PL","@id":"https:\/\/www.monikaskrodzka.pl\/index.php\/2023\/04\/27\/zarzadzaj-skutecznie-burza-mozgow-metoda-6-kapeluszy-myslowych\/#primaryimage","url":"https:\/\/www.monikaskrodzka.pl\/wp-content\/uploads\/2023\/04\/6-kapeluszy-myslowych.png","contentUrl":"https:\/\/www.monikaskrodzka.pl\/wp-content\/uploads\/2023\/04\/6-kapeluszy-myslowych.png","width":672,"height":556},{"@type":"BreadcrumbList","@id":"https:\/\/www.monikaskrodzka.pl\/index.php\/2023\/04\/27\/zarzadzaj-skutecznie-burza-mozgow-metoda-6-kapeluszy-myslowych\/#breadcrumb","itemListElement":[{"@type":"ListItem","position":1,"name":"Strona g\u0142\u00f3wna","item":"https:\/\/www.monikaskrodzka.pl\/"},{"@type":"ListItem","position":2,"name":"Zarz\u0105dzaj skutecznie- burza m\u00f3zg\u00f3w metod\u0105 6 kapeluszy my\u015blowych"}]},{"@type":"WebSite","@id":"https:\/\/www.monikaskrodzka.pl\/#website","url":"https:\/\/www.monikaskrodzka.pl\/","name":"Monika SKRODZKA","description":"Ucz\u0119 tego, jak kreowa\u0107 skuteczne relacje (nie tylko) w biznesie!","potentialAction":[{"@type":"SearchAction","target":{"@type":"EntryPoint","urlTemplate":"https:\/\/www.monikaskrodzka.pl\/?s={search_term_string}"},"query-input":{"@type":"PropertyValueSpecification","valueRequired":true,"valueName":"search_term_string"}}],"inLanguage":"pl-PL"},{"@type":"Person","@id":"https:\/\/www.monikaskrodzka.pl\/#\/schema\/person\/8b74544471de6f51ad24c0b19441ff4a","name":"Monika","image":{"@type":"ImageObject","inLanguage":"pl-PL","@id":"https:\/\/secure.gravatar.com\/avatar\/2dee0624f05d529cd569f5ed35e3ec17d83d06d4c293fbc884592897a3a4330c?s=96&d=mm&r=g","url":"https:\/\/secure.gravatar.com\/avatar\/2dee0624f05d529cd569f5ed35e3ec17d83d06d4c293fbc884592897a3a4330c?s=96&d=mm&r=g","contentUrl":"https:\/\/secure.gravatar.com\/avatar\/2dee0624f05d529cd569f5ed35e3ec17d83d06d4c293fbc884592897a3a4330c?s=96&d=mm&r=g","caption":"Monika"},"sameAs":["http:\/\/www.monikaskrodzka.pl"],"url":"https:\/\/www.monikaskrodzka.pl\/index.php\/author\/admin\/"}]}},"post_mailing_queue_ids":[],"_links":{"self":[{"href":"https:\/\/www.monikaskrodzka.pl\/index.php\/wp-json\/wp\/v2\/posts\/1286","targetHints":{"allow":["GET"]}}],"collection":[{"href":"https:\/\/www.monikaskrodzka.pl\/index.php\/wp-json\/wp\/v2\/posts"}],"about":[{"href":"https:\/\/www.monikaskrodzka.pl\/index.php\/wp-json\/wp\/v2\/types\/post"}],"author":[{"embeddable":true,"href":"https:\/\/www.monikaskrodzka.pl\/index.php\/wp-json\/wp\/v2\/users\/1"}],"replies":[{"embeddable":true,"href":"https:\/\/www.monikaskrodzka.pl\/index.php\/wp-json\/wp\/v2\/comments?post=1286"}],"version-history":[{"count":1,"href":"https:\/\/www.monikaskrodzka.pl\/index.php\/wp-json\/wp\/v2\/posts\/1286\/revisions"}],"predecessor-version":[{"id":1296,"href":"https:\/\/www.monikaskrodzka.pl\/index.php\/wp-json\/wp\/v2\/posts\/1286\/revisions\/1296"}],"wp:featuredmedia":[{"embeddable":true,"href":"https:\/\/www.monikaskrodzka.pl\/index.php\/wp-json\/wp\/v2\/media\/1295"}],"wp:attachment":[{"href":"https:\/\/www.monikaskrodzka.pl\/index.php\/wp-json\/wp\/v2\/media?parent=1286"}],"wp:term":[{"taxonomy":"category","embeddable":true,"href":"https:\/\/www.monikaskrodzka.pl\/index.php\/wp-json\/wp\/v2\/categories?post=1286"},{"taxonomy":"post_tag","embeddable":true,"href":"https:\/\/www.monikaskrodzka.pl\/index.php\/wp-json\/wp\/v2\/tags?post=1286"}],"curies":[{"name":"wp","href":"https:\/\/api.w.org\/{rel}","templated":true}]}}