{"id":996,"date":"2023-01-12T14:01:04","date_gmt":"2023-01-12T14:01:04","guid":{"rendered":"http:\/\/www.monikaskrodzka.pl\/?p=996"},"modified":"2023-01-12T20:40:07","modified_gmt":"2023-01-12T20:40:07","slug":"chodz-namaluj-swoj-swiat-gdy-sztuka-i-biznes-lacza-sie-w-zyciu","status":"publish","type":"post","link":"https:\/\/www.monikaskrodzka.pl\/index.php\/2023\/01\/12\/chodz-namaluj-swoj-swiat-gdy-sztuka-i-biznes-lacza-sie-w-zyciu\/","title":{"rendered":"Chod\u017a namaluj sw\u00f3j \u015bwiat. Gdy sztuka i biznes \u0142\u0105cz\u0105 si\u0119 w \u017cyciu:)"},"content":{"rendered":"\n<p>\ud83d\udd34Jak to jest rzuci\u0107 po kilkunastu latach prac\u0119 policjanta na dwa lata przed emerytur\u0105 i zatopi\u0107 si\u0119 totalnie w \u015bwiecie sztuki? Czy mo\u017cna w doros\u0142ym \u017cyciu odkry\u0107 w sobie talent o kt\u00f3rym si\u0119 zupe\u0142nie nie wiedzia\u0142o? I jak to jest zmieni\u0107 swoje \u017cycie o 180 stopni tak by pasja sta\u0142a si\u0119 sposobem na odkrywanie i zarabianie?<br>Zapraszam Was do mojej rozmowy z Krzy\u015bkiem Grabar\u0105 \u2013 artyst\u0105, kt\u00f3ry twierdzi, \u017ce w ka\u017cdym z nas drzemie ukryty talent. B\u0119dziemy rozmawia\u0107 o sztuce, kreatywno\u015bci, sposobie na biznes w zgodzie z samym sob\u0105. Krzysiek maluje od 4 lat a robi to tak jakby zajmowa\u0142 si\u0119 tym ca\u0142e \u017cycie. A\u017c trudno uwierzy\u0107, \u017ce mo\u017cna tworzy\u0107 takie prace nie wykazuj\u0105c wcze\u015bniej uzdolnie\u0144 w tym kierunku &#8211; cho\u0107 twierdzi, \u017ce w ka\u017cdym z nas drzemie ukryty talent.<br>Polecam, bo Krzysiek to bardzo ciekawy, niezwykle skromny i m\u0105dry m\u0119\u017cczyzna, wi\u0119c sama rozmowa b\u0119dzie nie tylko ciekawa ale i inspiruj\u0105ca.<br><\/p>\n\n\n\n<p>Zdj\u0119cie w wydarzeniu to fragment jego pracy &#8211; Gaijin &#8211; praca nr 10.<\/p>\n\n\n\n<p><br>\ud83d\udd34B\u0119dziemy rozmawia\u0107 o sztuce, pracy nad sob\u0105, intuicji, pasji i o tym, czy mo\u017cna to z pomoc\u0105 intuicji przeku\u0107 w biznes:)<br><br><a href=\"https:\/\/www.linkedin.com\/feed\/hashtag\/?keywords=warto&amp;highlightedUpdateUrns=urn%3Ali%3Aactivity%3A7015798053437607936\">#Warto<\/a>\u00a0zapozna\u0107 si\u0119 z jego tw\u00f3rczo\u015bci\u0105 &#8211; kliknij, \u017ceby obejrze\u0107 <a href=\"https:\/\/grabara.art\/7-pietro-7th-floor-exhibition-catalogue\/?fbclid=IwAR230qo4ylH-aufnDpyl9Ow-NOAg6YjppVcBZDAnQzf2DDOg0VmGFjREiBY\">WYSTAW\u0118<\/a>.<\/p>\n\n\n\n<p><\/p>\n\n\n\n<p> Polecam!<\/p>\n\n\n\n<p>\ud83d\udd34Jak zwykle od przysz\u0142ego poniedzia\u0142ku do niedzieli na moim zawodowym profilu na LinkedIn &#8211; <a href=\"https:\/\/www.linkedin.com\/company\/80287189\/admin\/\">Monika Skrodzka<\/a> (warto obserwowa\u0107) b\u0119dzie wyzwanie zwi\u0105zane z t\u0105 rozmow\u0105, w kt\u00f3rym b\u0119dzie mo\u017cna zdoby\u0107 ciekaw\u0105 nagrod\u0119:) Ju\u017c teraz zapraszam do udzia\u0142u:)<\/p>\n\n\n\n<p><br><a href=\"https:\/\/www.linkedin.com\/feed\/hashtag\/?keywords=monikapoleca&amp;highlightedUpdateUrns=urn%3Ali%3Aactivity%3A7015798053437607936\">#Monikapoleca<\/a>&nbsp;<a href=\"https:\/\/www.linkedin.com\/feed\/hashtag\/?keywords=akcjarelacja&amp;highlightedUpdateUrns=urn%3Ali%3Aactivity%3A7015798053437607936\">#AkcjaRelacja<\/a>&nbsp;&nbsp;<a href=\"https:\/\/www.linkedin.com\/feed\/hashtag\/?keywords=drugie%C5%BCycie&amp;highlightedUpdateUrns=urn%3Ali%3Aactivity%3A7015798053437607936\">#Drugie\u017bycie<\/a>&nbsp;<a href=\"https:\/\/www.linkedin.com\/feed\/hashtag\/?keywords=sztukato%C5%BCycie&amp;highlightedUpdateUrns=urn%3Ali%3Aactivity%3A7015798053437607936\">#SztukaTo\u017bycie<\/a> #Monikapoleca <\/p>\n\n\n\n<p>Mi\u0142ego ogl\u0105dania.<\/p>\n\n\n\n<h2 class=\"has-text-align-center wp-block-heading\">Wywiad znajdziesz <strong><mark style=\"background-color:rgba(0, 0, 0, 0)\" class=\"has-inline-color has-vivid-red-color\"><a href=\"https:\/\/youtu.be\/oZIucyb3zbg\">TUTAJ<\/a><\/mark><\/strong><\/h2>\n\n\n\n<figure class=\"wp-block-gallery has-nested-images columns-default is-cropped wp-block-gallery-1 is-layout-flex wp-block-gallery-is-layout-flex\">\n<figure class=\"wp-block-image size-large\"><img loading=\"lazy\" decoding=\"async\" width=\"624\" height=\"902\" data-id=\"997\" src=\"https:\/\/www.monikaskrodzka.pl\/wp-content\/uploads\/2023\/01\/Krzysiek-Grabara-zdje-10-Gajin-1.png\" alt=\"\" class=\"wp-image-997\" srcset=\"https:\/\/www.monikaskrodzka.pl\/wp-content\/uploads\/2023\/01\/Krzysiek-Grabara-zdje-10-Gajin-1.png 624w, https:\/\/www.monikaskrodzka.pl\/wp-content\/uploads\/2023\/01\/Krzysiek-Grabara-zdje-10-Gajin-1-208x300.png 208w\" sizes=\"auto, (max-width: 624px) 100vw, 624px\" \/><\/figure>\n<\/figure>\n","protected":false},"excerpt":{"rendered":"<p>\ud83d\udd34Jak to jest rzuci\u0107 po kilkunastu latach prac\u0119 policjanta na dwa lata przed emerytur\u0105 i zatopi\u0107 si\u0119 totalnie w \u015bwiecie sztuki? Czy mo\u017cna w doros\u0142ym<\/p>\n","protected":false},"author":1,"featured_media":997,"comment_status":"open","ping_status":"open","sticky":false,"template":"","format":"standard","meta":{"footnotes":""},"categories":[3,72],"tags":[148,34,150,9,10,13,149,35],"class_list":["post-996","post","type-post","status-publish","format-standard","has-post-thumbnail","hentry","category-blog","category-video","tag-monikapoleca-2","tag-akcjarelacja-2","tag-artysta","tag-biznes","tag-klient","tag-planowanie","tag-sztuka","tag-zdrowarelacja-2"],"yoast_head":"<!-- This site is optimized with the Yoast SEO plugin v27.3 - https:\/\/yoast.com\/product\/yoast-seo-wordpress\/ -->\n<title>Chod\u017a namaluj sw\u00f3j \u015bwiat. Gdy sztuka i biznes \u0142\u0105cz\u0105 si\u0119 w \u017cyciu:) - Monika SKRODZKA<\/title>\n<meta name=\"robots\" content=\"index, follow, max-snippet:-1, max-image-preview:large, max-video-preview:-1\" \/>\n<link rel=\"canonical\" href=\"https:\/\/www.monikaskrodzka.pl\/index.php\/2023\/01\/12\/chodz-namaluj-swoj-swiat-gdy-sztuka-i-biznes-lacza-sie-w-zyciu\/\" \/>\n<meta property=\"og:locale\" content=\"pl_PL\" \/>\n<meta property=\"og:type\" content=\"article\" \/>\n<meta property=\"og:title\" content=\"Chod\u017a namaluj sw\u00f3j \u015bwiat. Gdy sztuka i biznes \u0142\u0105cz\u0105 si\u0119 w \u017cyciu:) - Monika SKRODZKA\" \/>\n<meta property=\"og:description\" content=\"\ud83d\udd34Jak to jest rzuci\u0107 po kilkunastu latach prac\u0119 policjanta na dwa lata przed emerytur\u0105 i zatopi\u0107 si\u0119 totalnie w \u015bwiecie sztuki? Czy mo\u017cna w doros\u0142ym\" \/>\n<meta property=\"og:url\" content=\"https:\/\/www.monikaskrodzka.pl\/index.php\/2023\/01\/12\/chodz-namaluj-swoj-swiat-gdy-sztuka-i-biznes-lacza-sie-w-zyciu\/\" \/>\n<meta property=\"og:site_name\" content=\"Monika SKRODZKA\" \/>\n<meta property=\"article:published_time\" content=\"2023-01-12T14:01:04+00:00\" \/>\n<meta property=\"article:modified_time\" content=\"2023-01-12T20:40:07+00:00\" \/>\n<meta property=\"og:image\" content=\"https:\/\/www.monikaskrodzka.pl\/wp-content\/uploads\/2023\/01\/Krzysiek-Grabara-zdje-10-Gajin-1.png\" \/>\n\t<meta property=\"og:image:width\" content=\"624\" \/>\n\t<meta property=\"og:image:height\" content=\"902\" \/>\n\t<meta property=\"og:image:type\" content=\"image\/png\" \/>\n<meta name=\"author\" content=\"Monika\" \/>\n<meta name=\"twitter:card\" content=\"summary_large_image\" \/>\n<meta name=\"twitter:label1\" content=\"Napisane przez\" \/>\n\t<meta name=\"twitter:data1\" content=\"Monika\" \/>\n\t<meta name=\"twitter:label2\" content=\"Szacowany czas czytania\" \/>\n\t<meta name=\"twitter:data2\" content=\"1 minuta\" \/>\n<script type=\"application\/ld+json\" class=\"yoast-schema-graph\">{\"@context\":\"https:\\\/\\\/schema.org\",\"@graph\":[{\"@type\":\"Article\",\"@id\":\"https:\\\/\\\/www.monikaskrodzka.pl\\\/index.php\\\/2023\\\/01\\\/12\\\/chodz-namaluj-swoj-swiat-gdy-sztuka-i-biznes-lacza-sie-w-zyciu\\\/#article\",\"isPartOf\":{\"@id\":\"https:\\\/\\\/www.monikaskrodzka.pl\\\/index.php\\\/2023\\\/01\\\/12\\\/chodz-namaluj-swoj-swiat-gdy-sztuka-i-biznes-lacza-sie-w-zyciu\\\/\"},\"author\":{\"name\":\"Monika\",\"@id\":\"https:\\\/\\\/www.monikaskrodzka.pl\\\/#\\\/schema\\\/person\\\/8b74544471de6f51ad24c0b19441ff4a\"},\"headline\":\"Chod\u017a namaluj sw\u00f3j \u015bwiat. Gdy sztuka i biznes \u0142\u0105cz\u0105 si\u0119 w \u017cyciu:)\",\"datePublished\":\"2023-01-12T14:01:04+00:00\",\"dateModified\":\"2023-01-12T20:40:07+00:00\",\"mainEntityOfPage\":{\"@id\":\"https:\\\/\\\/www.monikaskrodzka.pl\\\/index.php\\\/2023\\\/01\\\/12\\\/chodz-namaluj-swoj-swiat-gdy-sztuka-i-biznes-lacza-sie-w-zyciu\\\/\"},\"wordCount\":294,\"commentCount\":0,\"image\":{\"@id\":\"https:\\\/\\\/www.monikaskrodzka.pl\\\/index.php\\\/2023\\\/01\\\/12\\\/chodz-namaluj-swoj-swiat-gdy-sztuka-i-biznes-lacza-sie-w-zyciu\\\/#primaryimage\"},\"thumbnailUrl\":\"https:\\\/\\\/www.monikaskrodzka.pl\\\/wp-content\\\/uploads\\\/2023\\\/01\\\/Krzysiek-Grabara-zdje-10-Gajin-1.png\",\"keywords\":[\"#Monikapoleca\",\"akcjarelacja\",\"artysta\",\"Biznes\",\"Klient\",\"Planowanie\",\"Sztuka\",\"zdrowarelacja\"],\"articleSection\":[\"Blog\",\"VIDEO\"],\"inLanguage\":\"pl-PL\",\"potentialAction\":[{\"@type\":\"CommentAction\",\"name\":\"Comment\",\"target\":[\"https:\\\/\\\/www.monikaskrodzka.pl\\\/index.php\\\/2023\\\/01\\\/12\\\/chodz-namaluj-swoj-swiat-gdy-sztuka-i-biznes-lacza-sie-w-zyciu\\\/#respond\"]}]},{\"@type\":\"WebPage\",\"@id\":\"https:\\\/\\\/www.monikaskrodzka.pl\\\/index.php\\\/2023\\\/01\\\/12\\\/chodz-namaluj-swoj-swiat-gdy-sztuka-i-biznes-lacza-sie-w-zyciu\\\/\",\"url\":\"https:\\\/\\\/www.monikaskrodzka.pl\\\/index.php\\\/2023\\\/01\\\/12\\\/chodz-namaluj-swoj-swiat-gdy-sztuka-i-biznes-lacza-sie-w-zyciu\\\/\",\"name\":\"Chod\u017a namaluj sw\u00f3j \u015bwiat. Gdy sztuka i biznes \u0142\u0105cz\u0105 si\u0119 w \u017cyciu:) - Monika SKRODZKA\",\"isPartOf\":{\"@id\":\"https:\\\/\\\/www.monikaskrodzka.pl\\\/#website\"},\"primaryImageOfPage\":{\"@id\":\"https:\\\/\\\/www.monikaskrodzka.pl\\\/index.php\\\/2023\\\/01\\\/12\\\/chodz-namaluj-swoj-swiat-gdy-sztuka-i-biznes-lacza-sie-w-zyciu\\\/#primaryimage\"},\"image\":{\"@id\":\"https:\\\/\\\/www.monikaskrodzka.pl\\\/index.php\\\/2023\\\/01\\\/12\\\/chodz-namaluj-swoj-swiat-gdy-sztuka-i-biznes-lacza-sie-w-zyciu\\\/#primaryimage\"},\"thumbnailUrl\":\"https:\\\/\\\/www.monikaskrodzka.pl\\\/wp-content\\\/uploads\\\/2023\\\/01\\\/Krzysiek-Grabara-zdje-10-Gajin-1.png\",\"datePublished\":\"2023-01-12T14:01:04+00:00\",\"dateModified\":\"2023-01-12T20:40:07+00:00\",\"author\":{\"@id\":\"https:\\\/\\\/www.monikaskrodzka.pl\\\/#\\\/schema\\\/person\\\/8b74544471de6f51ad24c0b19441ff4a\"},\"breadcrumb\":{\"@id\":\"https:\\\/\\\/www.monikaskrodzka.pl\\\/index.php\\\/2023\\\/01\\\/12\\\/chodz-namaluj-swoj-swiat-gdy-sztuka-i-biznes-lacza-sie-w-zyciu\\\/#breadcrumb\"},\"inLanguage\":\"pl-PL\",\"potentialAction\":[{\"@type\":\"ReadAction\",\"target\":[\"https:\\\/\\\/www.monikaskrodzka.pl\\\/index.php\\\/2023\\\/01\\\/12\\\/chodz-namaluj-swoj-swiat-gdy-sztuka-i-biznes-lacza-sie-w-zyciu\\\/\"]}]},{\"@type\":\"ImageObject\",\"inLanguage\":\"pl-PL\",\"@id\":\"https:\\\/\\\/www.monikaskrodzka.pl\\\/index.php\\\/2023\\\/01\\\/12\\\/chodz-namaluj-swoj-swiat-gdy-sztuka-i-biznes-lacza-sie-w-zyciu\\\/#primaryimage\",\"url\":\"https:\\\/\\\/www.monikaskrodzka.pl\\\/wp-content\\\/uploads\\\/2023\\\/01\\\/Krzysiek-Grabara-zdje-10-Gajin-1.png\",\"contentUrl\":\"https:\\\/\\\/www.monikaskrodzka.pl\\\/wp-content\\\/uploads\\\/2023\\\/01\\\/Krzysiek-Grabara-zdje-10-Gajin-1.png\",\"width\":624,\"height\":902},{\"@type\":\"BreadcrumbList\",\"@id\":\"https:\\\/\\\/www.monikaskrodzka.pl\\\/index.php\\\/2023\\\/01\\\/12\\\/chodz-namaluj-swoj-swiat-gdy-sztuka-i-biznes-lacza-sie-w-zyciu\\\/#breadcrumb\",\"itemListElement\":[{\"@type\":\"ListItem\",\"position\":1,\"name\":\"Strona g\u0142\u00f3wna\",\"item\":\"https:\\\/\\\/www.monikaskrodzka.pl\\\/\"},{\"@type\":\"ListItem\",\"position\":2,\"name\":\"Chod\u017a namaluj sw\u00f3j \u015bwiat. Gdy sztuka i biznes \u0142\u0105cz\u0105 si\u0119 w \u017cyciu:)\"}]},{\"@type\":\"WebSite\",\"@id\":\"https:\\\/\\\/www.monikaskrodzka.pl\\\/#website\",\"url\":\"https:\\\/\\\/www.monikaskrodzka.pl\\\/\",\"name\":\"Monika SKRODZKA\",\"description\":\"Ucz\u0119 tego, jak kreowa\u0107 skuteczne relacje (nie tylko) w biznesie!\",\"potentialAction\":[{\"@type\":\"SearchAction\",\"target\":{\"@type\":\"EntryPoint\",\"urlTemplate\":\"https:\\\/\\\/www.monikaskrodzka.pl\\\/?s={search_term_string}\"},\"query-input\":{\"@type\":\"PropertyValueSpecification\",\"valueRequired\":true,\"valueName\":\"search_term_string\"}}],\"inLanguage\":\"pl-PL\"},{\"@type\":\"Person\",\"@id\":\"https:\\\/\\\/www.monikaskrodzka.pl\\\/#\\\/schema\\\/person\\\/8b74544471de6f51ad24c0b19441ff4a\",\"name\":\"Monika\",\"image\":{\"@type\":\"ImageObject\",\"inLanguage\":\"pl-PL\",\"@id\":\"https:\\\/\\\/secure.gravatar.com\\\/avatar\\\/2dee0624f05d529cd569f5ed35e3ec17d83d06d4c293fbc884592897a3a4330c?s=96&d=mm&r=g\",\"url\":\"https:\\\/\\\/secure.gravatar.com\\\/avatar\\\/2dee0624f05d529cd569f5ed35e3ec17d83d06d4c293fbc884592897a3a4330c?s=96&d=mm&r=g\",\"contentUrl\":\"https:\\\/\\\/secure.gravatar.com\\\/avatar\\\/2dee0624f05d529cd569f5ed35e3ec17d83d06d4c293fbc884592897a3a4330c?s=96&d=mm&r=g\",\"caption\":\"Monika\"},\"sameAs\":[\"http:\\\/\\\/www.monikaskrodzka.pl\"],\"url\":\"https:\\\/\\\/www.monikaskrodzka.pl\\\/index.php\\\/author\\\/admin\\\/\"}]}<\/script>\n<!-- \/ Yoast SEO plugin. -->","yoast_head_json":{"title":"Chod\u017a namaluj sw\u00f3j \u015bwiat. Gdy sztuka i biznes \u0142\u0105cz\u0105 si\u0119 w \u017cyciu:) - Monika SKRODZKA","robots":{"index":"index","follow":"follow","max-snippet":"max-snippet:-1","max-image-preview":"max-image-preview:large","max-video-preview":"max-video-preview:-1"},"canonical":"https:\/\/www.monikaskrodzka.pl\/index.php\/2023\/01\/12\/chodz-namaluj-swoj-swiat-gdy-sztuka-i-biznes-lacza-sie-w-zyciu\/","og_locale":"pl_PL","og_type":"article","og_title":"Chod\u017a namaluj sw\u00f3j \u015bwiat. Gdy sztuka i biznes \u0142\u0105cz\u0105 si\u0119 w \u017cyciu:) - Monika SKRODZKA","og_description":"\ud83d\udd34Jak to jest rzuci\u0107 po kilkunastu latach prac\u0119 policjanta na dwa lata przed emerytur\u0105 i zatopi\u0107 si\u0119 totalnie w \u015bwiecie sztuki? Czy mo\u017cna w doros\u0142ym","og_url":"https:\/\/www.monikaskrodzka.pl\/index.php\/2023\/01\/12\/chodz-namaluj-swoj-swiat-gdy-sztuka-i-biznes-lacza-sie-w-zyciu\/","og_site_name":"Monika SKRODZKA","article_published_time":"2023-01-12T14:01:04+00:00","article_modified_time":"2023-01-12T20:40:07+00:00","og_image":[{"width":624,"height":902,"url":"https:\/\/www.monikaskrodzka.pl\/wp-content\/uploads\/2023\/01\/Krzysiek-Grabara-zdje-10-Gajin-1.png","type":"image\/png"}],"author":"Monika","twitter_card":"summary_large_image","twitter_misc":{"Napisane przez":"Monika","Szacowany czas czytania":"1 minuta"},"schema":{"@context":"https:\/\/schema.org","@graph":[{"@type":"Article","@id":"https:\/\/www.monikaskrodzka.pl\/index.php\/2023\/01\/12\/chodz-namaluj-swoj-swiat-gdy-sztuka-i-biznes-lacza-sie-w-zyciu\/#article","isPartOf":{"@id":"https:\/\/www.monikaskrodzka.pl\/index.php\/2023\/01\/12\/chodz-namaluj-swoj-swiat-gdy-sztuka-i-biznes-lacza-sie-w-zyciu\/"},"author":{"name":"Monika","@id":"https:\/\/www.monikaskrodzka.pl\/#\/schema\/person\/8b74544471de6f51ad24c0b19441ff4a"},"headline":"Chod\u017a namaluj sw\u00f3j \u015bwiat. Gdy sztuka i biznes \u0142\u0105cz\u0105 si\u0119 w \u017cyciu:)","datePublished":"2023-01-12T14:01:04+00:00","dateModified":"2023-01-12T20:40:07+00:00","mainEntityOfPage":{"@id":"https:\/\/www.monikaskrodzka.pl\/index.php\/2023\/01\/12\/chodz-namaluj-swoj-swiat-gdy-sztuka-i-biznes-lacza-sie-w-zyciu\/"},"wordCount":294,"commentCount":0,"image":{"@id":"https:\/\/www.monikaskrodzka.pl\/index.php\/2023\/01\/12\/chodz-namaluj-swoj-swiat-gdy-sztuka-i-biznes-lacza-sie-w-zyciu\/#primaryimage"},"thumbnailUrl":"https:\/\/www.monikaskrodzka.pl\/wp-content\/uploads\/2023\/01\/Krzysiek-Grabara-zdje-10-Gajin-1.png","keywords":["#Monikapoleca","akcjarelacja","artysta","Biznes","Klient","Planowanie","Sztuka","zdrowarelacja"],"articleSection":["Blog","VIDEO"],"inLanguage":"pl-PL","potentialAction":[{"@type":"CommentAction","name":"Comment","target":["https:\/\/www.monikaskrodzka.pl\/index.php\/2023\/01\/12\/chodz-namaluj-swoj-swiat-gdy-sztuka-i-biznes-lacza-sie-w-zyciu\/#respond"]}]},{"@type":"WebPage","@id":"https:\/\/www.monikaskrodzka.pl\/index.php\/2023\/01\/12\/chodz-namaluj-swoj-swiat-gdy-sztuka-i-biznes-lacza-sie-w-zyciu\/","url":"https:\/\/www.monikaskrodzka.pl\/index.php\/2023\/01\/12\/chodz-namaluj-swoj-swiat-gdy-sztuka-i-biznes-lacza-sie-w-zyciu\/","name":"Chod\u017a namaluj sw\u00f3j \u015bwiat. Gdy sztuka i biznes \u0142\u0105cz\u0105 si\u0119 w \u017cyciu:) - Monika SKRODZKA","isPartOf":{"@id":"https:\/\/www.monikaskrodzka.pl\/#website"},"primaryImageOfPage":{"@id":"https:\/\/www.monikaskrodzka.pl\/index.php\/2023\/01\/12\/chodz-namaluj-swoj-swiat-gdy-sztuka-i-biznes-lacza-sie-w-zyciu\/#primaryimage"},"image":{"@id":"https:\/\/www.monikaskrodzka.pl\/index.php\/2023\/01\/12\/chodz-namaluj-swoj-swiat-gdy-sztuka-i-biznes-lacza-sie-w-zyciu\/#primaryimage"},"thumbnailUrl":"https:\/\/www.monikaskrodzka.pl\/wp-content\/uploads\/2023\/01\/Krzysiek-Grabara-zdje-10-Gajin-1.png","datePublished":"2023-01-12T14:01:04+00:00","dateModified":"2023-01-12T20:40:07+00:00","author":{"@id":"https:\/\/www.monikaskrodzka.pl\/#\/schema\/person\/8b74544471de6f51ad24c0b19441ff4a"},"breadcrumb":{"@id":"https:\/\/www.monikaskrodzka.pl\/index.php\/2023\/01\/12\/chodz-namaluj-swoj-swiat-gdy-sztuka-i-biznes-lacza-sie-w-zyciu\/#breadcrumb"},"inLanguage":"pl-PL","potentialAction":[{"@type":"ReadAction","target":["https:\/\/www.monikaskrodzka.pl\/index.php\/2023\/01\/12\/chodz-namaluj-swoj-swiat-gdy-sztuka-i-biznes-lacza-sie-w-zyciu\/"]}]},{"@type":"ImageObject","inLanguage":"pl-PL","@id":"https:\/\/www.monikaskrodzka.pl\/index.php\/2023\/01\/12\/chodz-namaluj-swoj-swiat-gdy-sztuka-i-biznes-lacza-sie-w-zyciu\/#primaryimage","url":"https:\/\/www.monikaskrodzka.pl\/wp-content\/uploads\/2023\/01\/Krzysiek-Grabara-zdje-10-Gajin-1.png","contentUrl":"https:\/\/www.monikaskrodzka.pl\/wp-content\/uploads\/2023\/01\/Krzysiek-Grabara-zdje-10-Gajin-1.png","width":624,"height":902},{"@type":"BreadcrumbList","@id":"https:\/\/www.monikaskrodzka.pl\/index.php\/2023\/01\/12\/chodz-namaluj-swoj-swiat-gdy-sztuka-i-biznes-lacza-sie-w-zyciu\/#breadcrumb","itemListElement":[{"@type":"ListItem","position":1,"name":"Strona g\u0142\u00f3wna","item":"https:\/\/www.monikaskrodzka.pl\/"},{"@type":"ListItem","position":2,"name":"Chod\u017a namaluj sw\u00f3j \u015bwiat. Gdy sztuka i biznes \u0142\u0105cz\u0105 si\u0119 w \u017cyciu:)"}]},{"@type":"WebSite","@id":"https:\/\/www.monikaskrodzka.pl\/#website","url":"https:\/\/www.monikaskrodzka.pl\/","name":"Monika SKRODZKA","description":"Ucz\u0119 tego, jak kreowa\u0107 skuteczne relacje (nie tylko) w biznesie!","potentialAction":[{"@type":"SearchAction","target":{"@type":"EntryPoint","urlTemplate":"https:\/\/www.monikaskrodzka.pl\/?s={search_term_string}"},"query-input":{"@type":"PropertyValueSpecification","valueRequired":true,"valueName":"search_term_string"}}],"inLanguage":"pl-PL"},{"@type":"Person","@id":"https:\/\/www.monikaskrodzka.pl\/#\/schema\/person\/8b74544471de6f51ad24c0b19441ff4a","name":"Monika","image":{"@type":"ImageObject","inLanguage":"pl-PL","@id":"https:\/\/secure.gravatar.com\/avatar\/2dee0624f05d529cd569f5ed35e3ec17d83d06d4c293fbc884592897a3a4330c?s=96&d=mm&r=g","url":"https:\/\/secure.gravatar.com\/avatar\/2dee0624f05d529cd569f5ed35e3ec17d83d06d4c293fbc884592897a3a4330c?s=96&d=mm&r=g","contentUrl":"https:\/\/secure.gravatar.com\/avatar\/2dee0624f05d529cd569f5ed35e3ec17d83d06d4c293fbc884592897a3a4330c?s=96&d=mm&r=g","caption":"Monika"},"sameAs":["http:\/\/www.monikaskrodzka.pl"],"url":"https:\/\/www.monikaskrodzka.pl\/index.php\/author\/admin\/"}]}},"post_mailing_queue_ids":[],"_links":{"self":[{"href":"https:\/\/www.monikaskrodzka.pl\/index.php\/wp-json\/wp\/v2\/posts\/996","targetHints":{"allow":["GET"]}}],"collection":[{"href":"https:\/\/www.monikaskrodzka.pl\/index.php\/wp-json\/wp\/v2\/posts"}],"about":[{"href":"https:\/\/www.monikaskrodzka.pl\/index.php\/wp-json\/wp\/v2\/types\/post"}],"author":[{"embeddable":true,"href":"https:\/\/www.monikaskrodzka.pl\/index.php\/wp-json\/wp\/v2\/users\/1"}],"replies":[{"embeddable":true,"href":"https:\/\/www.monikaskrodzka.pl\/index.php\/wp-json\/wp\/v2\/comments?post=996"}],"version-history":[{"count":3,"href":"https:\/\/www.monikaskrodzka.pl\/index.php\/wp-json\/wp\/v2\/posts\/996\/revisions"}],"predecessor-version":[{"id":1001,"href":"https:\/\/www.monikaskrodzka.pl\/index.php\/wp-json\/wp\/v2\/posts\/996\/revisions\/1001"}],"wp:featuredmedia":[{"embeddable":true,"href":"https:\/\/www.monikaskrodzka.pl\/index.php\/wp-json\/wp\/v2\/media\/997"}],"wp:attachment":[{"href":"https:\/\/www.monikaskrodzka.pl\/index.php\/wp-json\/wp\/v2\/media?parent=996"}],"wp:term":[{"taxonomy":"category","embeddable":true,"href":"https:\/\/www.monikaskrodzka.pl\/index.php\/wp-json\/wp\/v2\/categories?post=996"},{"taxonomy":"post_tag","embeddable":true,"href":"https:\/\/www.monikaskrodzka.pl\/index.php\/wp-json\/wp\/v2\/tags?post=996"}],"curies":[{"name":"wp","href":"https:\/\/api.w.org\/{rel}","templated":true}]}}